{"id":3067,"date":"2026-04-01T13:57:58","date_gmt":"2026-04-01T13:57:58","guid":{"rendered":"https:\/\/voya-hotel.com\/?p=3067"},"modified":"2026-05-20T09:12:17","modified_gmt":"2026-05-20T09:12:17","slug":"motorradfahren-schwarzwald-elsass-vogesen","status":"publish","type":"post","link":"https:\/\/voya-hotel.com\/fr\/motorradfahren-schwarzwald-elsass-vogesen\/","title":{"rendered":"Faire de la moto en For\u00eat-Noire, en Alsace &amp; dans les Vosges"},"content":{"rendered":"<div data-elementor-type=\"wp-post\" data-elementor-id=\"3067\" class=\"elementor elementor-3067\" data-elementor-post-type=\"post\">\n\t\t\t\t<div class=\"elementor-element elementor-element-c61d8cb e-con-full e-flex e-con e-parent\" data-id=\"c61d8cb\" data-element_type=\"container\" data-e-type=\"container\" data-settings=\"{&quot;background_background&quot;:&quot;classic&quot;}\">\n\t\t\t\t<div class=\"elementor-element elementor-element-5c7ce42 elementor-widget__width-inherit elementor-widget elementor-widget-heading\" data-id=\"5c7ce42\" data-element_type=\"widget\" data-e-type=\"widget\" data-widget_type=\"heading.default\">\n\t\t\t\t<div class=\"elementor-widget-container\">\n\t\t\t\t\t<h2 class=\"elementor-heading-title elementor-size-default\">Nos circuits pr\u00e9f\u00e9r\u00e9s au d\u00e9part de l'h\u00f4tel VOYA \u00e0 Ringsheim<\/h2>\t\t\t\t<\/div>\n\t\t\t\t<\/div>\n\t\t\t\t<div class=\"elementor-element elementor-element-e993ea9 elementor-widget__width-inherit elementor-widget elementor-widget-text-editor\" data-id=\"e993ea9\" data-element_type=\"widget\" data-e-type=\"widget\" data-widget_type=\"text-editor.default\">\n\t\t\t\t<div class=\"elementor-widget-container\">\n\t\t\t\t\t\t\t\t\t<p>Des routes sinueuses, de vastes panoramas, des villages charmants et trois r\u00e9gions \u00e0 votre porte : si vous \u00eates en moto dans la For\u00eat-Noire, en Alsace ou dans les Vosges, vous trouverez un point de d\u00e9part id\u00e9al autour de Ringsheim. L'h\u00f4tel VOYA est situ\u00e9 \u00e0 proximit\u00e9 de l'A5 et constitue une base parfaite pour un week-end moto, un tour en groupe ou une halte sur la route vers le sud.<\/p><p>Que ce soit la Route des Hauts de la For\u00eat-Noire, le Kaiserstuhl, Colmar, la Route des Cr\u00eates ou la Route des Cr\u00eates des Vosges, depuis VOYA, vous partez pour des journ\u00e9es de randonn\u00e9e vari\u00e9es et, le soir venu, vous retrouvez un lieu qui offre exactement ce qui compte apr\u00e8s avoir parcouru de nombreux kilom\u00e8tres : confort, calme, petit-d\u00e9jeuner, parking souterrain, bar et, sur demande, des lodges offrant beaucoup d\u2019espace pour les groupes.<\/p>\t\t\t\t\t\t\t\t<\/div>\n\t\t\t\t<\/div>\n\t\t\t\t<\/div>\n\t\t<div class=\"elementor-element elementor-element-9930923 e-con-full e-flex e-con e-parent\" data-id=\"9930923\" data-element_type=\"container\" data-e-type=\"container\">\n\t\t\t\t<div class=\"elementor-element elementor-element-678b150 elementor-widget__width-inherit elementor-widget elementor-widget-heading\" data-id=\"678b150\" data-element_type=\"widget\" data-e-type=\"widget\" data-widget_type=\"heading.default\">\n\t\t\t\t<div class=\"elementor-widget-container\">\n\t\t\t\t\t<h2 class=\"elementor-heading-title elementor-size-default\">Pourquoi Ringsheim est un bon point de d\u00e9part pour les randonn\u00e9es \u00e0 moto<\/h2>\t\t\t\t<\/div>\n\t\t\t\t<\/div>\n\t\t\t\t<\/div>\n\t\t<div class=\"elementor-element elementor-element-7d5fa3b e-con-full e-flex e-con e-parent\" data-id=\"7d5fa3b\" data-element_type=\"container\" data-e-type=\"container\">\n\t\t<div class=\"elementor-element elementor-element-3aaf691 e-con-full e-flex e-con e-parent\" data-id=\"3aaf691\" data-element_type=\"container\" data-e-type=\"container\">\n\t\t\t\t<div class=\"elementor-element elementor-element-0ab739e elementor-widget elementor-widget-text-editor\" data-id=\"0ab739e\" data-element_type=\"widget\" data-e-type=\"widget\" data-widget_type=\"text-editor.default\">\n\t\t\t\t<div class=\"elementor-widget-container\">\n\t\t\t\t\t\t\t\t\t<p>Ringsheim b\u00e9n\u00e9ficie d'une situation g\u00e9ographique strat\u00e9gique : \u00e0 proximit\u00e9 de l'A5, de la For\u00eat-Noire, du Rhin et de la France. Cela offre de nombreuses possibilit\u00e9s d'excursions sans que vous ayez \u00e0 changer de lieu de s\u00e9jour tous les jours.<\/p><p><strong>Au d\u00e9part de VOYA, vous pouvez rejoindre, selon l'itin\u00e9raire choisi :<\/strong><\/p><ul><li>la For\u00eat-Noire avec ses routes d'altitude et ses vall\u00e9es<\/li><li>la haute route de la For\u00eat-Noire B500<\/li><li>le Kaiserstuhl et la route des vins du Bade<\/li><li>l'Alsace avec Colmar, les villages viticoles et les petites routes de campagne<\/li><li>les Vosges avec la Route des Cr\u00eates et des cols connus<\/li><\/ul>\t\t\t\t\t\t\t\t<\/div>\n\t\t\t\t<\/div>\n\t\t\t\t<\/div>\n\t\t<div class=\"elementor-element elementor-element-0a1688b e-con-full e-flex e-con e-parent\" data-id=\"0a1688b\" data-element_type=\"container\" data-e-type=\"container\" id=\"voyaframe1\">\n\t\t\t\t<div class=\"elementor-element elementor-element-5404d75 elementor-widget elementor-widget-image\" data-id=\"5404d75\" data-element_type=\"widget\" data-e-type=\"widget\" data-widget_type=\"image.default\">\n\t\t\t\t<div class=\"elementor-widget-container\">\n\t\t\t\t\t\t\t\t\t\t\t\t\t\t\t<img fetchpriority=\"high\" decoding=\"async\" width=\"800\" height=\"534\" src=\"https:\/\/voya-hotel.com\/wp-content\/uploads\/2025\/08\/Dreilaendereck-1024x683.jpg\" class=\"attachment-large size-large wp-image-2413\" alt=\"Sanfte H\u00fcgel mit einer kurvigen Stra\u00dfe, umgeben von W\u00e4ldern und einer goldenen Abendd\u00e4mmerung.\" srcset=\"https:\/\/voya-hotel.com\/wp-content\/uploads\/2025\/08\/Dreilaendereck-1024x683.jpg 1024w, https:\/\/voya-hotel.com\/wp-content\/uploads\/2025\/08\/Dreilaendereck-300x200.jpg 300w, https:\/\/voya-hotel.com\/wp-content\/uploads\/2025\/08\/Dreilaendereck-768x512.jpg 768w, https:\/\/voya-hotel.com\/wp-content\/uploads\/2025\/08\/Dreilaendereck-1536x1024.jpg 1536w, https:\/\/voya-hotel.com\/wp-content\/uploads\/2025\/08\/Dreilaendereck-2048x1365.jpg 2048w, https:\/\/voya-hotel.com\/wp-content\/uploads\/2025\/08\/Dreilaendereck-18x12.jpg 18w\" sizes=\"(max-width: 800px) 100vw, 800px\" \/>\t\t\t\t\t\t\t\t\t\t\t\t\t\t\t<\/div>\n\t\t\t\t<\/div>\n\t\t\t\t<\/div>\n\t\t\t\t<\/div>\n\t\t<div class=\"elementor-element elementor-element-0194781 e-con-boxed e-flex e-con e-parent\" data-id=\"0194781\" data-element_type=\"container\" data-e-type=\"container\" id=\"voyaquote1\">\n\t\t\t\t\t<div class=\"e-con-inner\">\n\t\t\t\t<div class=\"elementor-element elementor-element-5360051 elementor-widget__width-initial elementor-widget elementor-widget-heading\" data-id=\"5360051\" data-element_type=\"widget\" data-e-type=\"widget\" data-widget_type=\"heading.default\">\n\t\t\t\t<div class=\"elementor-widget-container\">\n\t\t\t\t\t<h2 class=\"elementor-heading-title elementor-size-default\">Des routes sinueuses, de vastes panoramas, des villages pleins de charme\u2026 et pas moins de trois r\u00e9gions \u00e0 deux pas de chez vous.<\/h2>\t\t\t\t<\/div>\n\t\t\t\t<\/div>\n\t\t\t\t\t<\/div>\n\t\t\t\t<\/div>\n\t\t<div class=\"elementor-element elementor-element-450c4d1 e-con-full e-flex e-con e-parent\" data-id=\"450c4d1\" data-element_type=\"container\" data-e-type=\"container\" data-settings=\"{&quot;background_background&quot;:&quot;classic&quot;}\">\n\t\t\t\t<div class=\"elementor-element elementor-element-1c6f8b0 elementor-widget__width-initial elementor-widget elementor-widget-heading\" data-id=\"1c6f8b0\" data-element_type=\"widget\" data-e-type=\"widget\" data-widget_type=\"heading.default\">\n\t\t\t\t<div class=\"elementor-widget-container\">\n\t\t\t\t\t<h2 class=\"elementor-heading-title elementor-size-default\">VOYA comme base h\u00f4teli\u00e8re pour motards : pas un h\u00f4tel classique pour motards, mais une Moto Base d\u00e9contract\u00e9e<\/h2>\t\t\t\t<\/div>\n\t\t\t\t<\/div>\n\t\t\t\t<div class=\"elementor-element elementor-element-49e27f5 elementor-widget__width-initial elementor-widget elementor-widget-text-editor\" data-id=\"49e27f5\" data-element_type=\"widget\" data-e-type=\"widget\" data-widget_type=\"text-editor.default\">\n\t\t\t\t<div class=\"elementor-widget-container\">\n\t\t\t\t\t\t\t\t\t<p><strong>Pour les voyageurs \u00e0 moto, elles sont particuli\u00e8rement pratiques :<\/strong><\/p><ul><li>Situ\u00e9 \u00e0 proximit\u00e9 de l'A5 \u2013 point de d\u00e9part id\u00e9al pour d\u00e9couvrir la For\u00eat-Noire, l'Alsace et les Vosges<\/li><li>Possibilit\u00e9 de se garer directement devant la maison<\/li><li>Parking souterrain<\/li><li>Petit d\u00e9jeuner avant la journ\u00e9e de randonn\u00e9e<\/li><li>Bar pour terminer la journ\u00e9e apr\u00e8s le trajet<\/li><li>Lodges pour groupes \u2013 Le confort d'un h\u00f4tel sans fioritures inutiles<\/li><\/ul>\t\t\t\t\t\t\t\t<\/div>\n\t\t\t\t<\/div>\n\t\t\t\t<\/div>\n\t\t<div class=\"elementor-element elementor-element-e77ab42 e-con-boxed e-flex e-con e-parent\" data-id=\"e77ab42\" data-element_type=\"container\" data-e-type=\"container\">\n\t\t\t\t\t<div class=\"e-con-inner\">\n\t\t\t\t<div class=\"elementor-element elementor-element-054dba0 elementor-widget elementor-widget-heading\" data-id=\"054dba0\" data-element_type=\"widget\" data-e-type=\"widget\" data-widget_type=\"heading.default\">\n\t\t\t\t<div class=\"elementor-widget-container\">\n\t\t\t\t\t<h2 class=\"elementor-heading-title elementor-size-default\">Week-end moto avec VOYA : voici \u00e0 quoi pourrait ressembler votre s\u00e9jour<\/h2>\t\t\t\t<\/div>\n\t\t\t\t<\/div>\n\t\t\t\t<div class=\"elementor-element elementor-element-d69bb3a elementor-widget elementor-widget-text-editor\" data-id=\"d69bb3a\" data-element_type=\"widget\" data-e-type=\"widget\" data-widget_type=\"text-editor.default\">\n\t\t\t\t<div class=\"elementor-widget-container\">\n\t\t\t\t\t\t\t\t\t<p>Une fois arriv\u00e9s, vous garez la moto, vous vous enregistrez \u00e0 l'h\u00f4tel et vous prenez le temps de vous installer. Vous aurez peut-\u00eatre encore le temps de faire un petit tour vers le Rhin ou le Kaiserstuhl. Ensuite : bar, terrasse, pr\u00e9paration de la randonn\u00e9e de samedi.<\/p><p>Le samedi, apr\u00e8s le petit-d\u00e9jeuner, d\u00e9part pour la randonn\u00e9e principale : selon vos envies et la m\u00e9t\u00e9o, direction la route des cr\u00eates de la For\u00eat-Noire, l'Alsace ou les Vosges. Le soir, retour au VOYA. Le dimanche, vous aurez le temps de faire une petite balade, de prendre un petit-d\u00e9jeuner tranquille ou de poursuivre votre voyage : gr\u00e2ce \u00e0 sa proximit\u00e9 avec l'A5, le VOYA constitue \u00e9galement une \u00e9tape id\u00e9ale lors de longs voyages \u00e0 moto en direction du sud.<\/p>\t\t\t\t\t\t\t\t<\/div>\n\t\t\t\t<\/div>\n\t\t\t\t\t<\/div>\n\t\t\t\t<\/div>\n\t\t<div class=\"elementor-element elementor-element-4707a51 e-con-boxed e-flex e-con e-parent\" data-id=\"4707a51\" data-element_type=\"container\" data-e-type=\"container\">\n\t\t\t\t\t<div class=\"e-con-inner\">\n\t\t<a class=\"elementor-element elementor-element-b682ad6 e-con-full e-flex e-con e-parent\" data-id=\"b682ad6\" data-element_type=\"container\" data-e-type=\"container\" id=\"voyacard1\" href=\"https:\/\/voya-hotel.com\/fr\/dreilaendereck\/#schwarzwald-breisgau\">\n\t\t\t\t<div class=\"elementor-element elementor-element-200a27f elementor-widget elementor-widget-image\" data-id=\"200a27f\" data-element_type=\"widget\" data-e-type=\"widget\" data-widget_type=\"image.default\">\n\t\t\t\t<div class=\"elementor-widget-container\">\n\t\t\t\t\t\t\t\t\t\t\t\t\t\t\t<img decoding=\"async\" width=\"800\" height=\"800\" src=\"https:\/\/voya-hotel.com\/wp-content\/uploads\/2025\/08\/Basel-und-Schweiz.jpg\" class=\"attachment-large size-large wp-image-2411\" alt=\"Abendliche Stadtansicht von Basel mit beleuchteten Geb\u00e4uden und einer Br\u00fccke \u00fcber den Fluss.\" srcset=\"https:\/\/voya-hotel.com\/wp-content\/uploads\/2025\/08\/Basel-und-Schweiz.jpg 1024w, https:\/\/voya-hotel.com\/wp-content\/uploads\/2025\/08\/Basel-und-Schweiz-300x300.jpg 300w, https:\/\/voya-hotel.com\/wp-content\/uploads\/2025\/08\/Basel-und-Schweiz-150x150.jpg 150w, https:\/\/voya-hotel.com\/wp-content\/uploads\/2025\/08\/Basel-und-Schweiz-768x768.jpg 768w, https:\/\/voya-hotel.com\/wp-content\/uploads\/2025\/08\/Basel-und-Schweiz-12x12.jpg 12w\" sizes=\"(max-width: 800px) 100vw, 800px\" \/>\t\t\t\t\t\t\t\t\t\t\t\t\t\t\t<\/div>\n\t\t\t\t<\/div>\n\t\t<div class=\"elementor-element elementor-element-abbd72f e-con-full e-flex e-con e-parent\" data-id=\"abbd72f\" data-element_type=\"container\" data-e-type=\"container\">\n\t\t\t\t<div class=\"elementor-element elementor-element-668e057 elementor-widget elementor-widget-heading\" data-id=\"668e057\" data-element_type=\"widget\" data-e-type=\"widget\" data-widget_type=\"heading.default\">\n\t\t\t\t<div class=\"elementor-widget-container\">\n\t\t\t\t\t<h2 class=\"elementor-heading-title elementor-size-default\">Les Vosges et la Route des Cr\u00eates<\/h2>\t\t\t\t<\/div>\n\t\t\t\t<\/div>\n\t\t\t\t<div class=\"elementor-element elementor-element-fb2183f elementor-widget elementor-widget-text-editor\" data-id=\"fb2183f\" data-element_type=\"widget\" data-e-type=\"widget\" data-widget_type=\"text-editor.default\">\n\t\t\t\t<div class=\"elementor-widget-container\">\n\t\t\t\t\t\t\t\t\tRoute panoramique traversant des cols tels que le col de la Schlucht et le Grand Ballon\t\t\t\t\t\t\t\t<\/div>\n\t\t\t\t<\/div>\n\t\t\t\t<\/div>\n\t\t\t\t<\/a>\n\t\t<a class=\"elementor-element elementor-element-a9fa3fc e-con-full e-flex e-con e-parent\" data-id=\"a9fa3fc\" data-element_type=\"container\" data-e-type=\"container\" id=\"voyacard2\" href=\"https:\/\/voya-hotel.com\/fr\/dreilaendereck\/#elsass-vogesen\">\n\t\t\t\t<div class=\"elementor-element elementor-element-d5d88da elementor-widget elementor-widget-image\" data-id=\"d5d88da\" data-element_type=\"widget\" data-e-type=\"widget\" data-widget_type=\"image.default\">\n\t\t\t\t<div class=\"elementor-widget-container\">\n\t\t\t\t\t\t\t\t\t\t\t\t\t\t\t<img decoding=\"async\" width=\"800\" height=\"533\" src=\"https:\/\/voya-hotel.com\/wp-content\/uploads\/colmar-im-elsass-44a24d-1024x682.jpg\" class=\"attachment-large size-large wp-image-3473\" alt=\"Bunte Fachwerkh\u00e4user am Wasser in der Altstadt von Colmar im Elsass\" srcset=\"https:\/\/voya-hotel.com\/wp-content\/uploads\/colmar-im-elsass-44a24d-1024x682.jpg 1024w, https:\/\/voya-hotel.com\/wp-content\/uploads\/colmar-im-elsass-44a24d-300x200.jpg 300w, https:\/\/voya-hotel.com\/wp-content\/uploads\/colmar-im-elsass-44a24d-768x512.jpg 768w, https:\/\/voya-hotel.com\/wp-content\/uploads\/colmar-im-elsass-44a24d-18x12.jpg 18w, https:\/\/voya-hotel.com\/wp-content\/uploads\/colmar-im-elsass-44a24d.jpg 1280w\" sizes=\"(max-width: 800px) 100vw, 800px\" \/>\t\t\t\t\t\t\t\t\t\t\t\t\t\t\t<\/div>\n\t\t\t\t<\/div>\n\t\t<div class=\"elementor-element elementor-element-bec68e6 e-con-full e-flex e-con e-parent\" data-id=\"bec68e6\" data-element_type=\"container\" data-e-type=\"container\">\n\t\t\t\t<div class=\"elementor-element elementor-element-05fcce5 elementor-widget elementor-widget-heading\" data-id=\"05fcce5\" data-element_type=\"widget\" data-e-type=\"widget\" data-widget_type=\"heading.default\">\n\t\t\t\t<div class=\"elementor-widget-container\">\n\t\t\t\t\t<h2 class=\"elementor-heading-title elementor-size-default\">L'Alsace et Colmar<\/h2>\t\t\t\t<\/div>\n\t\t\t\t<\/div>\n\t\t\t\t<div class=\"elementor-element elementor-element-589cc14 elementor-widget elementor-widget-text-editor\" data-id=\"589cc14\" data-element_type=\"widget\" data-e-type=\"widget\" data-widget_type=\"text-editor.default\">\n\t\t\t\t<div class=\"elementor-widget-container\">\n\t\t\t\t\t\t\t\t\tPetites routes de campagne, villages aux maisons \u00e0 colombages et savoir-vivre \u00e0 la fran\u00e7aise\t\t\t\t\t\t\t\t<\/div>\n\t\t\t\t<\/div>\n\t\t\t\t<\/div>\n\t\t\t\t<\/a>\n\t\t<a class=\"elementor-element elementor-element-21e1611 e-con-full e-flex e-con e-parent\" data-id=\"21e1611\" data-element_type=\"container\" data-e-type=\"container\" id=\"voyacard3\" href=\"https:\/\/voya-hotel.com\/fr\/dreilaendereck\/#schwarzwald-breisgau\">\n\t\t\t\t<div class=\"elementor-element elementor-element-631f003 elementor-widget elementor-widget-image\" data-id=\"631f003\" data-element_type=\"widget\" data-e-type=\"widget\" data-widget_type=\"image.default\">\n\t\t\t\t<div class=\"elementor-widget-container\">\n\t\t\t\t\t\t\t\t\t\t\t\t\t\t\t<img loading=\"lazy\" decoding=\"async\" width=\"800\" height=\"534\" src=\"https:\/\/voya-hotel.com\/wp-content\/uploads\/2025\/08\/Schwarzwald-und-Breisgau-1024x683.jpg\" class=\"attachment-large size-large wp-image-2409\" alt=\"Panoramablick auf das Schwarzwaldtal mit gr\u00fcnen Wiesen und bewaldeten H\u00fcgeln.\" srcset=\"https:\/\/voya-hotel.com\/wp-content\/uploads\/2025\/08\/Schwarzwald-und-Breisgau-1024x683.jpg 1024w, https:\/\/voya-hotel.com\/wp-content\/uploads\/2025\/08\/Schwarzwald-und-Breisgau-300x200.jpg 300w, https:\/\/voya-hotel.com\/wp-content\/uploads\/2025\/08\/Schwarzwald-und-Breisgau-768x512.jpg 768w, https:\/\/voya-hotel.com\/wp-content\/uploads\/2025\/08\/Schwarzwald-und-Breisgau-18x12.jpg 18w, https:\/\/voya-hotel.com\/wp-content\/uploads\/2025\/08\/Schwarzwald-und-Breisgau.jpg 1536w\" sizes=\"(max-width: 800px) 100vw, 800px\" \/>\t\t\t\t\t\t\t\t\t\t\t\t\t\t\t<\/div>\n\t\t\t\t<\/div>\n\t\t<div class=\"elementor-element elementor-element-132d9d9 e-con-full e-flex e-con e-parent\" data-id=\"132d9d9\" data-element_type=\"container\" data-e-type=\"container\">\n\t\t\t\t<div class=\"elementor-element elementor-element-425477e elementor-widget elementor-widget-heading\" data-id=\"425477e\" data-element_type=\"widget\" data-e-type=\"widget\" data-widget_type=\"heading.default\">\n\t\t\t\t<div class=\"elementor-widget-container\">\n\t\t\t\t\t<h2 class=\"elementor-heading-title elementor-size-default\">Route panoramique de la For\u00eat-Noire B500<\/h2>\t\t\t\t<\/div>\n\t\t\t\t<\/div>\n\t\t\t\t<div class=\"elementor-element elementor-element-76a66eb elementor-widget elementor-widget-text-editor\" data-id=\"76a66eb\" data-element_type=\"widget\" data-e-type=\"widget\" data-widget_type=\"text-editor.default\">\n\t\t\t\t<div class=\"elementor-widget-container\">\n\t\t\t\t\t\t\t\t\tLe grand classique : environ 65 kilom\u00e8tres sinueux entre Baden-Baden et Freudenstadt\t\t\t\t\t\t\t\t<\/div>\n\t\t\t\t<\/div>\n\t\t\t\t<\/div>\n\t\t\t\t<\/a>\n\t\t<a class=\"elementor-element elementor-element-2c667c7 e-con-full e-flex e-con e-parent\" data-id=\"2c667c7\" data-element_type=\"container\" data-e-type=\"container\" id=\"voyacard4\" href=\"https:\/\/voya-hotel.com\/fr\/dreilaendereck\/#schwarzwald-breisgau\">\n\t\t\t\t<div class=\"elementor-element elementor-element-f7f31e5 elementor-widget elementor-widget-image\" data-id=\"f7f31e5\" data-element_type=\"widget\" data-e-type=\"widget\" data-widget_type=\"image.default\">\n\t\t\t\t<div class=\"elementor-widget-container\">\n\t\t\t\t\t\t\t\t\t\t\t\t\t\t\t<img loading=\"lazy\" decoding=\"async\" width=\"500\" height=\"314\" src=\"https:\/\/voya-hotel.com\/wp-content\/uploads\/kaiserstuhl-e5484b.jpg\" class=\"attachment-large size-large wp-image-3474\" alt=\"Terrassenweinberge am Kaiserstuhl mit Blick \u00fcber die Rheinebene\" srcset=\"https:\/\/voya-hotel.com\/wp-content\/uploads\/kaiserstuhl-e5484b.jpg 500w, https:\/\/voya-hotel.com\/wp-content\/uploads\/kaiserstuhl-e5484b-300x188.jpg 300w, https:\/\/voya-hotel.com\/wp-content\/uploads\/kaiserstuhl-e5484b-18x12.jpg 18w\" sizes=\"(max-width: 500px) 100vw, 500px\" \/>\t\t\t\t\t\t\t\t\t\t\t\t\t\t\t<\/div>\n\t\t\t\t<\/div>\n\t\t<div class=\"elementor-element elementor-element-1066446 e-con-full e-flex e-con e-parent\" data-id=\"1066446\" data-element_type=\"container\" data-e-type=\"container\">\n\t\t\t\t<div class=\"elementor-element elementor-element-a3765f9 elementor-widget elementor-widget-heading\" data-id=\"a3765f9\" data-element_type=\"widget\" data-e-type=\"widget\" data-widget_type=\"heading.default\">\n\t\t\t\t<div class=\"elementor-widget-container\">\n\t\t\t\t\t<h2 class=\"elementor-heading-title elementor-size-default\">Kaiserstuhl et le Rhin<\/h2>\t\t\t\t<\/div>\n\t\t\t\t<\/div>\n\t\t\t\t<div class=\"elementor-element elementor-element-2bc2fbc elementor-widget elementor-widget-text-editor\" data-id=\"2bc2fbc\" data-element_type=\"widget\" data-e-type=\"widget\" data-widget_type=\"text-editor.default\">\n\t\t\t\t<div class=\"elementor-widget-container\">\n\t\t\t\t\t\t\t\t\tUne excursion d\u00e9contract\u00e9e d'une demi-journ\u00e9e pour les jours d'arriv\u00e9e et de d\u00e9part\t\t\t\t\t\t\t\t<\/div>\n\t\t\t\t<\/div>\n\t\t\t\t<\/div>\n\t\t\t\t<\/a>\n\t\t\t\t\t<\/div>\n\t\t\t\t<\/div>\n\t\t<div class=\"elementor-element elementor-element-e6477d0 e-con-boxed e-flex e-con e-parent\" data-id=\"e6477d0\" data-element_type=\"container\" data-e-type=\"container\">\n\t\t\t\t\t<div class=\"e-con-inner\">\n\t\t\t\t<div class=\"elementor-element elementor-element-e08f7c3 elementor-widget elementor-widget-text-editor\" data-id=\"e08f7c3\" data-element_type=\"widget\" data-e-type=\"widget\" data-widget_type=\"text-editor.default\">\n\t\t\t\t<div class=\"elementor-widget-container\">\n\t\t\t\t\t\t\t\t\t<p><strong>Conseil de VOYA :<\/strong> Partez t\u00f4t, pr\u00e9voyez des pauses et conduisez de mani\u00e8re prudente et d\u00e9fensive \u2013 surtout le week-end, il vaut mieux adopter une conduite calme et anticipative.<\/p>\t\t\t\t\t\t\t\t<\/div>\n\t\t\t\t<\/div>\n\t\t\t\t\t<\/div>\n\t\t\t\t<\/div>\n\t\t<div class=\"elementor-element elementor-element-4b23937 e-con-full e-flex e-con e-parent\" data-id=\"4b23937\" data-element_type=\"container\" data-e-type=\"container\">\n\t\t\t\t<div class=\"elementor-element elementor-element-0853ee5 elementor-widget elementor-widget-image\" data-id=\"0853ee5\" data-element_type=\"widget\" data-e-type=\"widget\" data-widget_type=\"image.default\">\n\t\t\t\t<div class=\"elementor-widget-container\">\n\t\t\t\t\t\t\t\t\t\t\t\t\t\t\t<img loading=\"lazy\" decoding=\"async\" width=\"800\" height=\"534\" src=\"https:\/\/voya-hotel.com\/wp-content\/uploads\/20250514-Voya-Hotel-110-1024x683.jpg\" class=\"attachment-large size-large wp-image-3114\" alt=\"\" srcset=\"https:\/\/voya-hotel.com\/wp-content\/uploads\/20250514-Voya-Hotel-110-1024x683.jpg 1024w, https:\/\/voya-hotel.com\/wp-content\/uploads\/20250514-Voya-Hotel-110-300x200.jpg 300w, https:\/\/voya-hotel.com\/wp-content\/uploads\/20250514-Voya-Hotel-110-768x512.jpg 768w, https:\/\/voya-hotel.com\/wp-content\/uploads\/20250514-Voya-Hotel-110-1536x1024.jpg 1536w, https:\/\/voya-hotel.com\/wp-content\/uploads\/20250514-Voya-Hotel-110-2048x1365.jpg 2048w, https:\/\/voya-hotel.com\/wp-content\/uploads\/20250514-Voya-Hotel-110-18x12.jpg 18w\" sizes=\"(max-width: 800px) 100vw, 800px\" \/>\t\t\t\t\t\t\t\t\t\t\t\t\t\t\t<\/div>\n\t\t\t\t<\/div>\n\t\t\t\t<\/div>\n\t\t<div class=\"elementor-element elementor-element-9ffdb10 e-con-boxed e-flex e-con e-parent\" data-id=\"9ffdb10\" data-element_type=\"container\" data-e-type=\"container\" id=\"voyaquote2\">\n\t\t\t\t\t<div class=\"e-con-inner\">\n\t\t\t\t<div class=\"elementor-element elementor-element-5412bd6 elementor-widget__width-initial elementor-widget elementor-widget-heading\" data-id=\"5412bd6\" data-element_type=\"widget\" data-e-type=\"widget\" data-widget_type=\"heading.default\">\n\t\t\t\t<div class=\"elementor-widget-container\">\n\t\t\t\t\t<h2 class=\"elementor-heading-title elementor-size-default\">Les routes populaires telles que la B500 devraient \u00eatre emprunt\u00e9es pour le plaisir, et non comme un circuit de course.<\/h2>\t\t\t\t<\/div>\n\t\t\t\t<\/div>\n\t\t\t\t\t<\/div>\n\t\t\t\t<\/div>\n\t\t<div class=\"elementor-element elementor-element-de76a0d e-con-boxed e-flex e-con e-parent\" data-id=\"de76a0d\" data-element_type=\"container\" data-e-type=\"container\">\n\t\t\t\t\t<div class=\"e-con-inner\">\n\t\t\t\t<div class=\"elementor-element elementor-element-8967638 elementor-widget elementor-widget-heading\" data-id=\"8967638\" data-element_type=\"widget\" data-e-type=\"widget\" data-widget_type=\"heading.default\">\n\t\t\t\t<div class=\"elementor-widget-container\">\n\t\t\t\t\t<h2 class=\"elementor-heading-title elementor-size-default\">Conseils pour ton voyage en moto au d\u00e9part de VOYA<\/h2>\t\t\t\t<\/div>\n\t\t\t\t<\/div>\n\t\t\t\t<div class=\"elementor-element elementor-element-02ad721 elementor-widget elementor-widget-text-editor\" data-id=\"02ad721\" data-element_type=\"widget\" data-e-type=\"widget\" data-widget_type=\"text-editor.default\">\n\t\t\t\t<div class=\"elementor-widget-container\">\n\t\t\t\t\t\t\t\t\t<p>Planifie ton itin\u00e9raire de mani\u00e8re r\u00e9aliste. La For\u00eat-Noire, l'Alsace et les Vosges semblent proches les unes des autres sur la carte, mais les virages, les pauses, les passages de fronti\u00e8res, le trafic et la m\u00e9t\u00e9o prennent du temps.<\/p><p>Fais \u00e9galement attention \u00e0 :<\/p><ul><li>Documents valides pour les voyages en France<\/li><li>situation actuelle du trafic et de la m\u00e9t\u00e9o<\/li><li>suffisamment d'arr\u00eats pour faire le plein<\/li><li>conduite d\u00e9fensive sur des parcours moto populaires<\/li><li>Pauses lors de longues randonn\u00e9es dans les Vosges ou la For\u00eat-Noire<\/li><li>Respect des riverains, de la nature et des autres usagers de la route<\/li><\/ul>\t\t\t\t\t\t\t\t<\/div>\n\t\t\t\t<\/div>\n\t\t\t\t\t<\/div>\n\t\t\t\t<\/div>\n\t\t<div class=\"elementor-element elementor-element-aa4c6f0 e-con-full e-flex e-con e-parent\" data-id=\"aa4c6f0\" data-element_type=\"container\" data-e-type=\"container\">\n\t\t<div class=\"elementor-element elementor-element-595c701 e-con-full e-flex e-con e-child\" data-id=\"595c701\" data-element_type=\"container\" data-e-type=\"container\">\n\t\t<div class=\"elementor-element elementor-element-e79e01a e-con-full e-flex e-con e-parent\" data-id=\"e79e01a\" data-element_type=\"container\" data-e-type=\"container\" id=\"voyaframe2\">\n\t\t\t\t<div class=\"elementor-element elementor-element-7016ea6 elementor-widget elementor-widget-image\" data-id=\"7016ea6\" data-element_type=\"widget\" data-e-type=\"widget\" data-widget_type=\"image.default\">\n\t\t\t\t<div class=\"elementor-widget-container\">\n\t\t\t\t\t\t\t\t\t\t\t\t\t\t\t<img loading=\"lazy\" decoding=\"async\" width=\"800\" height=\"600\" src=\"https:\/\/voya-hotel.com\/wp-content\/uploads\/WhatsApp-Image-2026-06-16-at-13.33.39-1024x768.jpeg\" class=\"attachment-large size-large wp-image-3351\" alt=\"\" srcset=\"https:\/\/voya-hotel.com\/wp-content\/uploads\/WhatsApp-Image-2026-06-16-at-13.33.39-1024x768.jpeg 1024w, https:\/\/voya-hotel.com\/wp-content\/uploads\/WhatsApp-Image-2026-06-16-at-13.33.39-300x225.jpeg 300w, https:\/\/voya-hotel.com\/wp-content\/uploads\/WhatsApp-Image-2026-06-16-at-13.33.39-768x576.jpeg 768w, https:\/\/voya-hotel.com\/wp-content\/uploads\/WhatsApp-Image-2026-06-16-at-13.33.39-1536x1152.jpeg 1536w, https:\/\/voya-hotel.com\/wp-content\/uploads\/WhatsApp-Image-2026-06-16-at-13.33.39-16x12.jpeg 16w, https:\/\/voya-hotel.com\/wp-content\/uploads\/WhatsApp-Image-2026-06-16-at-13.33.39.jpeg 1600w\" sizes=\"(max-width: 800px) 100vw, 800px\" \/>\t\t\t\t\t\t\t\t\t\t\t\t\t\t\t<\/div>\n\t\t\t\t<\/div>\n\t\t\t\t<\/div>\n\t\t<div class=\"elementor-element elementor-element-635ebe6 e-con-full e-flex e-con e-parent\" data-id=\"635ebe6\" data-element_type=\"container\" data-e-type=\"container\">\n\t\t\t\t<div class=\"elementor-element elementor-element-831855a elementor-widget elementor-widget-heading\" data-id=\"831855a\" data-element_type=\"widget\" data-e-type=\"widget\" data-widget_type=\"heading.default\">\n\t\t\t\t<div class=\"elementor-widget-container\">\n\t\t\t\t\t<h2 class=\"elementor-heading-title elementor-size-default\">L'atout dans la manche pour les groupes : Lodges avec avantages h\u00f4teliers<\/h2>\t\t\t\t<\/div>\n\t\t\t\t<\/div>\n\t\t\t\t<div class=\"elementor-element elementor-element-9c67656 elementor-widget elementor-widget-text-editor\" data-id=\"9c67656\" data-element_type=\"widget\" data-e-type=\"widget\" data-widget_type=\"text-editor.default\">\n\t\t\t\t<div class=\"elementor-widget-container\">\n\t\t\t\t\t\t\t\t\t<p>Ceux qui voyagent en groupe \u00e0 moto connaissent bien le probl\u00e8me : les chambres d'h\u00f4tel individuelles sont pratiques, mais peu propices \u00e0 la convivialit\u00e9. Les locations de vacances offrent plus d'espace, mais il leur manque g\u00e9n\u00e9ralement le confort d'un h\u00f4tel.<\/p><p>Les VOYA Lodges allient les deux : plus d'espace pour les petits groupes, une vie en communaut\u00e9 et de l'intimit\u00e9, le tout associ\u00e9 aux avantages d'un v\u00e9ritable h\u00f4tel, tels que le petit-d\u00e9jeuner, un parking souterrain et un bar. Vous pouvez ainsi rester ensemble en tant que groupe sans avoir \u00e0 vous occuper de tout vous-m\u00eames.<\/p>\t\t\t\t\t\t\t\t<\/div>\n\t\t\t\t<\/div>\n\t\t\t\t<\/div>\n\t\t\t\t<\/div>\n\t\t\t\t<div class=\"elementor-element elementor-element-b3c1b74 elementor-align-left elementor-widget elementor-widget-button\" data-id=\"b3c1b74\" data-element_type=\"widget\" data-e-type=\"widget\" data-widget_type=\"button.default\">\n\t\t\t\t<div class=\"elementor-widget-container\">\n\t\t\t\t\t\t\t\t\t<div class=\"elementor-button-wrapper\">\n\t\t\t\t\t<a class=\"elementor-button elementor-button-link elementor-size-sm\" href=\"https:\/\/voya-hotel.com\/fr\/das-voya-hotel\/\">\n\t\t\t\t\t\t<span class=\"elementor-button-content-wrapper\">\n\t\t\t\t\t\t\t\t\t<span class=\"elementor-button-text\">D\u00e9couvrir l'h\u00f4tel VOYA<\/span>\n\t\t\t\t\t<\/span>\n\t\t\t\t\t<\/a>\n\t\t\t\t<\/div>\n\t\t\t\t\t\t\t\t<\/div>\n\t\t\t\t<\/div>\n\t\t\t\t<\/div>\n\t\t<div class=\"elementor-element elementor-element-04d468c e-con-boxed e-flex e-con e-parent\" data-id=\"04d468c\" data-element_type=\"container\" data-e-type=\"container\">\n\t\t\t\t\t<div class=\"e-con-inner\">\n\t\t\t\t<div class=\"elementor-element elementor-element-5725d87 elementor-widget elementor-widget-heading\" data-id=\"5725d87\" data-element_type=\"widget\" data-e-type=\"widget\" data-widget_type=\"heading.default\">\n\t\t\t\t<div class=\"elementor-widget-container\">\n\t\t\t\t\t<h2 class=\"elementor-heading-title elementor-size-default\">Conclusion : trois mondes de randonn\u00e9e, une base d\u00e9tendue<\/h2>\t\t\t\t<\/div>\n\t\t\t\t<\/div>\n\t\t\t\t<div class=\"elementor-element elementor-element-8304c7b elementor-widget elementor-widget-text-editor\" data-id=\"8304c7b\" data-element_type=\"widget\" data-e-type=\"widget\" data-widget_type=\"text-editor.default\">\n\t\t\t\t<div class=\"elementor-widget-container\">\n\t\t\t\t\t\t\t\t\t<p>Faire de la moto autour de VOYA est synonyme de diversit\u00e9 : <strong>La Haute Route de la For\u00eat-Noire et la B500 pour les fans de classiques, l'Alsace pour les cyclistes amateurs, les Vosges pour les amateurs de panoramas et le Kaiserstuhl pour les randonn\u00e9es d\u00e9contract\u00e9es d'une demi-journ\u00e9e.<\/strong><\/p><p>L'h\u00f4tel VOYA \u00e0 Ringsheim constitue un point de d\u00e9part id\u00e9al : facile d'acc\u00e8s, calme, confortable et dot\u00e9 de tout ce dont les motards ont besoin apr\u00e8s une longue journ\u00e9e.<\/p>\t\t\t\t\t\t\t\t<\/div>\n\t\t\t\t<\/div>\n\t\t\t\t\t<\/div>\n\t\t\t\t<\/div>\n\t\t<div class=\"elementor-element elementor-element-658b1b5 e-con-full e-flex e-con e-parent\" data-id=\"658b1b5\" data-element_type=\"container\" data-e-type=\"container\" data-settings=\"{&quot;background_background&quot;:&quot;classic&quot;}\">\n\t\t\t\t<div class=\"elementor-element elementor-element-2bebf32 elementor-widget__width-initial elementor-widget elementor-widget-heading\" data-id=\"2bebf32\" data-element_type=\"widget\" data-e-type=\"widget\" data-widget_type=\"heading.default\">\n\t\t\t\t<div class=\"elementor-widget-container\">\n\t\t\t\t\t<h2 class=\"elementor-heading-title elementor-size-default\">Des journ\u00e9es pleines de virages. Des nuits calmes.<\/h2>\t\t\t\t<\/div>\n\t\t\t\t<\/div>\n\t\t\t\t<div class=\"elementor-element elementor-element-f91aa30 elementor-widget__width-initial elementor-widget elementor-widget-text-editor\" data-id=\"f91aa30\" data-element_type=\"widget\" data-e-type=\"widget\" data-widget_type=\"text-editor.default\">\n\t\t\t\t<div class=\"elementor-widget-container\">\n\t\t\t\t\t\t\t\t\t<p>Partez de Ringsheim pour des circuits \u00e0 travers la For\u00eat-Noire, l'Alsace et les Vosges et revenez le soir dans un endroit qui allie calme, confort et avantages pratiques de l'h\u00f4tel.<\/p>\t\t\t\t\t\t\t\t<\/div>\n\t\t\t\t<\/div>\n\t\t\t\t<div class=\"elementor-element elementor-element-6e5005e elementor-widget__width-initial elementor-widget elementor-widget-heading\" data-id=\"6e5005e\" data-element_type=\"widget\" data-e-type=\"widget\" data-widget_type=\"heading.default\">\n\t\t\t\t<div class=\"elementor-widget-container\">\n\t\t\t\t\t<h2 class=\"elementor-heading-title elementor-size-default\">Bienvenue \u00e0 la VOYA Moto Base.<\/h2>\t\t\t\t<\/div>\n\t\t\t\t<\/div>\n\t\t\t\t<div class=\"elementor-element elementor-element-2d21af9 elementor-align-center elementor-widget elementor-widget-button\" data-id=\"2d21af9\" data-element_type=\"widget\" data-e-type=\"widget\" data-widget_type=\"button.default\">\n\t\t\t\t<div class=\"elementor-widget-container\">\n\t\t\t\t\t\t\t\t\t<div class=\"elementor-button-wrapper\">\n\t\t\t\t\t<a class=\"elementor-button elementor-button-link elementor-size-sm\" href=\"https:\/\/app.mews.com\/distributor\/7ebb8f1d-c9d2-494a-a565-b45100caaeed?language=fr-FR\" target=\"_blank\">\n\t\t\t\t\t\t<span class=\"elementor-button-content-wrapper\">\n\t\t\t\t\t\t\t\t\t<span class=\"elementor-button-text\">R\u00e9server maintenant<\/span>\n\t\t\t\t\t<\/span>\n\t\t\t\t\t<\/a>\n\t\t\t\t<\/div>\n\t\t\t\t\t\t\t\t<\/div>\n\t\t\t\t<\/div>\n\t\t\t\t<\/div>\n\t\t\t\t<\/div>","protected":false},"excerpt":{"rendered":"<p>Unsere Tourenlieblinge ab VOYA Hotel in Ringsheim Kurvenreiche Stra\u00dfen, weite Ausblicke, charmante Orte und gleich drei Regionen vor der Haust\u00fcr: Wer mit dem Motorrad im Schwarzwald, im Elsass oder in den Vogesen unterwegs ist, findet rund um Ringsheim einen idealen Ausgangspunkt. Das VOYA Hotel liegt nahe der A5 und eignet sich perfekt als entspannte Basis [&hellip;]<\/p>\n","protected":false},"author":3,"featured_media":2409,"comment_status":"open","ping_status":"open","sticky":false,"template":"","format":"standard","meta":{"inline_featured_image":false,"footnotes":""},"categories":[1],"tags":[],"class_list":["post-3067","post","type-post","status-publish","format-standard","has-post-thumbnail","hentry","category-blog"],"yoast_head":"<!-- This site is optimized with the Yoast SEO plugin v28.3 - https:\/\/yoast.com\/product\/yoast-seo-wordpress\/ -->\n<title>Motorradfahren im Schwarzwald, Elsass &amp; in den Vogesen - Voya Hotel<\/title>\n<meta name=\"description\" content=\"Kurvenreiche Touren durch Schwarzwald, Elsass und Vogesen, direkt ab dem VOYA Hotel in Ringsheim. Unsere liebsten Motorradstrecken im Dreil\u00e4ndereck.\" \/>\n<meta name=\"robots\" content=\"index, follow, max-snippet:-1, max-image-preview:large, max-video-preview:-1\" \/>\n<link rel=\"canonical\" href=\"https:\/\/voya-hotel.com\/fr\/motorradfahren-schwarzwald-elsass-vogesen\/\" \/>\n<meta property=\"og:locale\" content=\"fr_FR\" \/>\n<meta property=\"og:type\" content=\"article\" \/>\n<meta property=\"og:title\" content=\"Motorradfahren im Schwarzwald, Elsass &amp; in den Vogesen - Voya Hotel\" \/>\n<meta property=\"og:description\" content=\"Kurvenreiche Touren durch Schwarzwald, Elsass und Vogesen, direkt ab dem VOYA Hotel in Ringsheim. Unsere liebsten Motorradstrecken im Dreil\u00e4ndereck.\" \/>\n<meta property=\"og:url\" content=\"https:\/\/voya-hotel.com\/fr\/motorradfahren-schwarzwald-elsass-vogesen\/\" \/>\n<meta property=\"og:site_name\" content=\"Voya Hotel\" \/>\n<meta property=\"article:published_time\" content=\"2026-04-01T13:57:58+00:00\" \/>\n<meta property=\"article:modified_time\" content=\"2026-05-20T09:12:17+00:00\" \/>\n<meta property=\"og:image\" content=\"https:\/\/voya-hotel.com\/wp-content\/uploads\/2025\/08\/Schwarzwald-und-Breisgau.jpg\" \/>\n\t<meta property=\"og:image:width\" content=\"1536\" \/>\n\t<meta property=\"og:image:height\" content=\"1024\" \/>\n\t<meta property=\"og:image:type\" content=\"image\/jpeg\" \/>\n<meta name=\"author\" content=\"sonja\" \/>\n<meta name=\"twitter:card\" content=\"summary_large_image\" \/>\n<meta name=\"twitter:label1\" content=\"\u00c9crit par\" \/>\n\t<meta name=\"twitter:data1\" content=\"sonja\" \/>\n\t<meta name=\"twitter:label2\" content=\"Dur\u00e9e de lecture estim\u00e9e\" \/>\n\t<meta name=\"twitter:data2\" content=\"8 minutes\" \/>\n<script type=\"application\/ld+json\" class=\"yoast-schema-graph\">{\"@context\":\"https:\\\/\\\/schema.org\",\"@graph\":[{\"@type\":\"Article\",\"@id\":\"https:\\\/\\\/voya-hotel.com\\\/motorradfahren-schwarzwald-elsass-vogesen\\\/#article\",\"isPartOf\":{\"@id\":\"https:\\\/\\\/voya-hotel.com\\\/motorradfahren-schwarzwald-elsass-vogesen\\\/\"},\"author\":{\"name\":\"sonja\",\"@id\":\"https:\\\/\\\/voya-hotel.com\\\/nl\\\/#\\\/schema\\\/person\\\/be3d66e28de23bccb84e7ba30cda1b6d\"},\"headline\":\"Motorradfahren im Schwarzwald, Elsass &#038; in den Vogesen\",\"datePublished\":\"2026-04-01T13:57:58+00:00\",\"dateModified\":\"2026-05-20T09:12:17+00:00\",\"mainEntityOfPage\":{\"@id\":\"https:\\\/\\\/voya-hotel.com\\\/motorradfahren-schwarzwald-elsass-vogesen\\\/\"},\"wordCount\":1573,\"commentCount\":0,\"publisher\":{\"@id\":\"https:\\\/\\\/voya-hotel.com\\\/nl\\\/#organization\"},\"image\":{\"@id\":\"https:\\\/\\\/voya-hotel.com\\\/motorradfahren-schwarzwald-elsass-vogesen\\\/#primaryimage\"},\"thumbnailUrl\":\"https:\\\/\\\/voya-hotel.com\\\/wp-content\\\/uploads\\\/2025\\\/08\\\/Schwarzwald-und-Breisgau.jpg\",\"articleSection\":[\"Blog\"],\"inLanguage\":\"fr-FR\",\"potentialAction\":[{\"@type\":\"CommentAction\",\"name\":\"Comment\",\"target\":[\"https:\\\/\\\/voya-hotel.com\\\/motorradfahren-schwarzwald-elsass-vogesen\\\/#respond\"]}]},{\"@type\":\"WebPage\",\"@id\":\"https:\\\/\\\/voya-hotel.com\\\/motorradfahren-schwarzwald-elsass-vogesen\\\/\",\"url\":\"https:\\\/\\\/voya-hotel.com\\\/motorradfahren-schwarzwald-elsass-vogesen\\\/\",\"name\":\"Motorradfahren im Schwarzwald, Elsass & in den Vogesen - Voya Hotel\",\"isPartOf\":{\"@id\":\"https:\\\/\\\/voya-hotel.com\\\/nl\\\/#website\"},\"primaryImageOfPage\":{\"@id\":\"https:\\\/\\\/voya-hotel.com\\\/motorradfahren-schwarzwald-elsass-vogesen\\\/#primaryimage\"},\"image\":{\"@id\":\"https:\\\/\\\/voya-hotel.com\\\/motorradfahren-schwarzwald-elsass-vogesen\\\/#primaryimage\"},\"thumbnailUrl\":\"https:\\\/\\\/voya-hotel.com\\\/wp-content\\\/uploads\\\/2025\\\/08\\\/Schwarzwald-und-Breisgau.jpg\",\"datePublished\":\"2026-04-01T13:57:58+00:00\",\"dateModified\":\"2026-05-20T09:12:17+00:00\",\"description\":\"Kurvenreiche Touren durch Schwarzwald, Elsass und Vogesen, direkt ab dem VOYA Hotel in Ringsheim. Unsere liebsten Motorradstrecken im Dreil\u00e4ndereck.\",\"breadcrumb\":{\"@id\":\"https:\\\/\\\/voya-hotel.com\\\/motorradfahren-schwarzwald-elsass-vogesen\\\/#breadcrumb\"},\"inLanguage\":\"fr-FR\",\"potentialAction\":[{\"@type\":\"ReadAction\",\"target\":[\"https:\\\/\\\/voya-hotel.com\\\/motorradfahren-schwarzwald-elsass-vogesen\\\/\"]}]},{\"@type\":\"ImageObject\",\"inLanguage\":\"fr-FR\",\"@id\":\"https:\\\/\\\/voya-hotel.com\\\/motorradfahren-schwarzwald-elsass-vogesen\\\/#primaryimage\",\"url\":\"https:\\\/\\\/voya-hotel.com\\\/wp-content\\\/uploads\\\/2025\\\/08\\\/Schwarzwald-und-Breisgau.jpg\",\"contentUrl\":\"https:\\\/\\\/voya-hotel.com\\\/wp-content\\\/uploads\\\/2025\\\/08\\\/Schwarzwald-und-Breisgau.jpg\",\"width\":1536,\"height\":1024,\"caption\":\"Panoramablick auf das Schwarzwaldtal mit Wiesen und W\u00e4ldern.\"},{\"@type\":\"BreadcrumbList\",\"@id\":\"https:\\\/\\\/voya-hotel.com\\\/motorradfahren-schwarzwald-elsass-vogesen\\\/#breadcrumb\",\"itemListElement\":[{\"@type\":\"ListItem\",\"position\":1,\"name\":\"Startseite\",\"item\":\"https:\\\/\\\/voya-hotel.com\\\/\"},{\"@type\":\"ListItem\",\"position\":2,\"name\":\"Motorradfahren im Schwarzwald, Elsass &#038; in den Vogesen\"}]},{\"@type\":\"WebSite\",\"@id\":\"https:\\\/\\\/voya-hotel.com\\\/nl\\\/#website\",\"url\":\"https:\\\/\\\/voya-hotel.com\\\/nl\\\/\",\"name\":\"VOYA Hotel\",\"description\":\"Dein Hotel n\u00e4he Europa-Park und Rulantica\",\"publisher\":{\"@id\":\"https:\\\/\\\/voya-hotel.com\\\/nl\\\/#organization\"},\"potentialAction\":[{\"@type\":\"SearchAction\",\"target\":{\"@type\":\"EntryPoint\",\"urlTemplate\":\"https:\\\/\\\/voya-hotel.com\\\/nl\\\/?s={search_term_string}\"},\"query-input\":{\"@type\":\"PropertyValueSpecification\",\"valueRequired\":true,\"valueName\":\"search_term_string\"}}],\"inLanguage\":\"fr-FR\"},{\"@type\":\"Organization\",\"@id\":\"https:\\\/\\\/voya-hotel.com\\\/nl\\\/#organization\",\"name\":\"VOYA Hotel\",\"url\":\"https:\\\/\\\/voya-hotel.com\\\/nl\\\/\",\"logo\":{\"@type\":\"ImageObject\",\"inLanguage\":\"fr-FR\",\"@id\":\"https:\\\/\\\/voya-hotel.com\\\/nl\\\/#\\\/schema\\\/logo\\\/image\\\/\",\"url\":\"https:\\\/\\\/voya-hotel.com\\\/wp-content\\\/uploads\\\/2025\\\/07\\\/Asset-1.svg\",\"contentUrl\":\"https:\\\/\\\/voya-hotel.com\\\/wp-content\\\/uploads\\\/2025\\\/07\\\/Asset-1.svg\",\"width\":452,\"height\":247,\"caption\":\"VOYA Hotel\"},\"image\":{\"@id\":\"https:\\\/\\\/voya-hotel.com\\\/nl\\\/#\\\/schema\\\/logo\\\/image\\\/\"},\"sameAs\":[\"https:\\\/\\\/www.instagram.com\\\/voya.hotel.ringsheim\\\/\"]},{\"@type\":\"Person\",\"@id\":\"https:\\\/\\\/voya-hotel.com\\\/nl\\\/#\\\/schema\\\/person\\\/be3d66e28de23bccb84e7ba30cda1b6d\",\"name\":\"sonja\",\"image\":{\"@type\":\"ImageObject\",\"inLanguage\":\"fr-FR\",\"@id\":\"https:\\\/\\\/secure.gravatar.com\\\/avatar\\\/50583ef449e39ef34502737a920d0f9c735773fe6e1389a143a2705a73115f48?s=96&d=mm&r=g\",\"url\":\"https:\\\/\\\/secure.gravatar.com\\\/avatar\\\/50583ef449e39ef34502737a920d0f9c735773fe6e1389a143a2705a73115f48?s=96&d=mm&r=g\",\"contentUrl\":\"https:\\\/\\\/secure.gravatar.com\\\/avatar\\\/50583ef449e39ef34502737a920d0f9c735773fe6e1389a143a2705a73115f48?s=96&d=mm&r=g\",\"caption\":\"sonja\"},\"url\":\"https:\\\/\\\/voya-hotel.com\\\/fr\\\/author\\\/sonja\\\/\"}]}<\/script>\n<!-- \/ Yoast SEO plugin. -->","yoast_head_json":{"title":"Motorradfahren im Schwarzwald, Elsass & in den Vogesen - Voya Hotel","description":"Des circuits sinueux \u00e0 travers la For\u00eat-Noire, l'Alsace et les Vosges, au d\u00e9part de l'h\u00f4tel VOYA \u00e0 Ringsheim. Nos itin\u00e9raires moto pr\u00e9f\u00e9r\u00e9s dans la r\u00e9gion des trois fronti\u00e8res.","robots":{"index":"index","follow":"follow","max-snippet":"max-snippet:-1","max-image-preview":"max-image-preview:large","max-video-preview":"max-video-preview:-1"},"canonical":"https:\/\/voya-hotel.com\/fr\/motorradfahren-schwarzwald-elsass-vogesen\/","og_locale":"fr_FR","og_type":"article","og_title":"Motorradfahren im Schwarzwald, Elsass & in den Vogesen - Voya Hotel","og_description":"Kurvenreiche Touren durch Schwarzwald, Elsass und Vogesen, direkt ab dem VOYA Hotel in Ringsheim. Unsere liebsten Motorradstrecken im Dreil\u00e4ndereck.","og_url":"https:\/\/voya-hotel.com\/fr\/motorradfahren-schwarzwald-elsass-vogesen\/","og_site_name":"Voya Hotel","article_published_time":"2026-04-01T13:57:58+00:00","article_modified_time":"2026-05-20T09:12:17+00:00","og_image":[{"width":1536,"height":1024,"url":"https:\/\/voya-hotel.com\/wp-content\/uploads\/2025\/08\/Schwarzwald-und-Breisgau.jpg","type":"image\/jpeg"}],"author":"sonja","twitter_card":"summary_large_image","twitter_misc":{"\u00c9crit par":"sonja","Dur\u00e9e de lecture estim\u00e9e":"8 minutes"},"schema":{"@context":"https:\/\/schema.org","@graph":[{"@type":"Article","@id":"https:\/\/voya-hotel.com\/motorradfahren-schwarzwald-elsass-vogesen\/#article","isPartOf":{"@id":"https:\/\/voya-hotel.com\/motorradfahren-schwarzwald-elsass-vogesen\/"},"author":{"name":"sonja","@id":"https:\/\/voya-hotel.com\/nl\/#\/schema\/person\/be3d66e28de23bccb84e7ba30cda1b6d"},"headline":"Motorradfahren im Schwarzwald, Elsass &#038; in den Vogesen","datePublished":"2026-04-01T13:57:58+00:00","dateModified":"2026-05-20T09:12:17+00:00","mainEntityOfPage":{"@id":"https:\/\/voya-hotel.com\/motorradfahren-schwarzwald-elsass-vogesen\/"},"wordCount":1573,"commentCount":0,"publisher":{"@id":"https:\/\/voya-hotel.com\/nl\/#organization"},"image":{"@id":"https:\/\/voya-hotel.com\/motorradfahren-schwarzwald-elsass-vogesen\/#primaryimage"},"thumbnailUrl":"https:\/\/voya-hotel.com\/wp-content\/uploads\/2025\/08\/Schwarzwald-und-Breisgau.jpg","articleSection":["Blog"],"inLanguage":"fr-FR","potentialAction":[{"@type":"CommentAction","name":"Comment","target":["https:\/\/voya-hotel.com\/motorradfahren-schwarzwald-elsass-vogesen\/#respond"]}]},{"@type":"WebPage","@id":"https:\/\/voya-hotel.com\/motorradfahren-schwarzwald-elsass-vogesen\/","url":"https:\/\/voya-hotel.com\/motorradfahren-schwarzwald-elsass-vogesen\/","name":"Motorradfahren im Schwarzwald, Elsass & in den Vogesen - Voya Hotel","isPartOf":{"@id":"https:\/\/voya-hotel.com\/nl\/#website"},"primaryImageOfPage":{"@id":"https:\/\/voya-hotel.com\/motorradfahren-schwarzwald-elsass-vogesen\/#primaryimage"},"image":{"@id":"https:\/\/voya-hotel.com\/motorradfahren-schwarzwald-elsass-vogesen\/#primaryimage"},"thumbnailUrl":"https:\/\/voya-hotel.com\/wp-content\/uploads\/2025\/08\/Schwarzwald-und-Breisgau.jpg","datePublished":"2026-04-01T13:57:58+00:00","dateModified":"2026-05-20T09:12:17+00:00","description":"Des circuits sinueux \u00e0 travers la For\u00eat-Noire, l'Alsace et les Vosges, au d\u00e9part de l'h\u00f4tel VOYA \u00e0 Ringsheim. Nos itin\u00e9raires moto pr\u00e9f\u00e9r\u00e9s dans la r\u00e9gion des trois fronti\u00e8res.","breadcrumb":{"@id":"https:\/\/voya-hotel.com\/motorradfahren-schwarzwald-elsass-vogesen\/#breadcrumb"},"inLanguage":"fr-FR","potentialAction":[{"@type":"ReadAction","target":["https:\/\/voya-hotel.com\/motorradfahren-schwarzwald-elsass-vogesen\/"]}]},{"@type":"ImageObject","inLanguage":"fr-FR","@id":"https:\/\/voya-hotel.com\/motorradfahren-schwarzwald-elsass-vogesen\/#primaryimage","url":"https:\/\/voya-hotel.com\/wp-content\/uploads\/2025\/08\/Schwarzwald-und-Breisgau.jpg","contentUrl":"https:\/\/voya-hotel.com\/wp-content\/uploads\/2025\/08\/Schwarzwald-und-Breisgau.jpg","width":1536,"height":1024,"caption":"Panoramablick auf das Schwarzwaldtal mit Wiesen und W\u00e4ldern."},{"@type":"BreadcrumbList","@id":"https:\/\/voya-hotel.com\/motorradfahren-schwarzwald-elsass-vogesen\/#breadcrumb","itemListElement":[{"@type":"ListItem","position":1,"name":"Startseite","item":"https:\/\/voya-hotel.com\/"},{"@type":"ListItem","position":2,"name":"Motorradfahren im Schwarzwald, Elsass &#038; in den Vogesen"}]},{"@type":"WebSite","@id":"https:\/\/voya-hotel.com\/nl\/#website","url":"https:\/\/voya-hotel.com\/nl\/","name":"H\u00f4tel VOYA","description":"Dein Hotel n\u00e4he Europa-Park und Rulantica","publisher":{"@id":"https:\/\/voya-hotel.com\/nl\/#organization"},"potentialAction":[{"@type":"SearchAction","target":{"@type":"EntryPoint","urlTemplate":"https:\/\/voya-hotel.com\/nl\/?s={search_term_string}"},"query-input":{"@type":"PropertyValueSpecification","valueRequired":true,"valueName":"search_term_string"}}],"inLanguage":"fr-FR"},{"@type":"Organization","@id":"https:\/\/voya-hotel.com\/nl\/#organization","name":"H\u00f4tel VOYA","url":"https:\/\/voya-hotel.com\/nl\/","logo":{"@type":"ImageObject","inLanguage":"fr-FR","@id":"https:\/\/voya-hotel.com\/nl\/#\/schema\/logo\/image\/","url":"https:\/\/voya-hotel.com\/wp-content\/uploads\/2025\/07\/Asset-1.svg","contentUrl":"https:\/\/voya-hotel.com\/wp-content\/uploads\/2025\/07\/Asset-1.svg","width":452,"height":247,"caption":"VOYA Hotel"},"image":{"@id":"https:\/\/voya-hotel.com\/nl\/#\/schema\/logo\/image\/"},"sameAs":["https:\/\/www.instagram.com\/voya.hotel.ringsheim\/"]},{"@type":"Person","@id":"https:\/\/voya-hotel.com\/nl\/#\/schema\/person\/be3d66e28de23bccb84e7ba30cda1b6d","name":"sonja","image":{"@type":"ImageObject","inLanguage":"fr-FR","@id":"https:\/\/secure.gravatar.com\/avatar\/50583ef449e39ef34502737a920d0f9c735773fe6e1389a143a2705a73115f48?s=96&d=mm&r=g","url":"https:\/\/secure.gravatar.com\/avatar\/50583ef449e39ef34502737a920d0f9c735773fe6e1389a143a2705a73115f48?s=96&d=mm&r=g","contentUrl":"https:\/\/secure.gravatar.com\/avatar\/50583ef449e39ef34502737a920d0f9c735773fe6e1389a143a2705a73115f48?s=96&d=mm&r=g","caption":"sonja"},"url":"https:\/\/voya-hotel.com\/fr\/author\/sonja\/"}]}},"_links":{"self":[{"href":"https:\/\/voya-hotel.com\/fr\/wp-json\/wp\/v2\/posts\/3067","targetHints":{"allow":["GET"]}}],"collection":[{"href":"https:\/\/voya-hotel.com\/fr\/wp-json\/wp\/v2\/posts"}],"about":[{"href":"https:\/\/voya-hotel.com\/fr\/wp-json\/wp\/v2\/types\/post"}],"author":[{"embeddable":true,"href":"https:\/\/voya-hotel.com\/fr\/wp-json\/wp\/v2\/users\/3"}],"replies":[{"embeddable":true,"href":"https:\/\/voya-hotel.com\/fr\/wp-json\/wp\/v2\/comments?post=3067"}],"version-history":[{"count":31,"href":"https:\/\/voya-hotel.com\/fr\/wp-json\/wp\/v2\/posts\/3067\/revisions"}],"predecessor-version":[{"id":3347,"href":"https:\/\/voya-hotel.com\/fr\/wp-json\/wp\/v2\/posts\/3067\/revisions\/3347"}],"wp:featuredmedia":[{"embeddable":true,"href":"https:\/\/voya-hotel.com\/fr\/wp-json\/wp\/v2\/media\/2409"}],"wp:attachment":[{"href":"https:\/\/voya-hotel.com\/fr\/wp-json\/wp\/v2\/media?parent=3067"}],"wp:term":[{"taxonomy":"category","embeddable":true,"href":"https:\/\/voya-hotel.com\/fr\/wp-json\/wp\/v2\/categories?post=3067"},{"taxonomy":"post_tag","embeddable":true,"href":"https:\/\/voya-hotel.com\/fr\/wp-json\/wp\/v2\/tags?post=3067"}],"curies":[{"name":"wp","href":"https:\/\/api.w.org\/{rel}","templated":true}]}}