{"id":3296,"date":"2026-05-18T06:25:10","date_gmt":"2026-05-18T06:25:10","guid":{"rendered":"https:\/\/voya-hotel.com\/?p=3296"},"modified":"2026-05-18T07:45:15","modified_gmt":"2026-05-18T07:45:15","slug":"junggesellenabschied-im-europa-park","status":"publish","type":"post","link":"https:\/\/voya-hotel.com\/fr\/junggesellenabschied-im-europa-park\/","title":{"rendered":"Enterrement de vie de gar\u00e7on \u00e0 Europa-Park : conseils pour un week-end qui restera vraiment dans les m\u00e9moires"},"content":{"rendered":"<div data-elementor-type=\"wp-post\" data-elementor-id=\"3296\" class=\"elementor elementor-3296\" data-elementor-post-type=\"post\">\n\t\t\t\t<div class=\"elementor-element elementor-element-c61d8cb e-con-full e-flex e-con e-parent\" data-id=\"c61d8cb\" data-element_type=\"container\" data-e-type=\"container\" data-settings=\"{&quot;background_background&quot;:&quot;classic&quot;}\">\n\t\t\t\t<div class=\"elementor-element elementor-element-5c7ce42 elementor-widget__width-inherit elementor-widget elementor-widget-heading\" data-id=\"5c7ce42\" data-element_type=\"widget\" data-e-type=\"widget\" data-widget_type=\"heading.default\">\n\t\t\t\t<div class=\"elementor-widget-container\">\n\t\t\t\t\t<h2 class=\"elementor-heading-title elementor-size-default\">L'enterrement de vie de gar\u00e7on<\/h2>\t\t\t\t<\/div>\n\t\t\t\t<\/div>\n\t\t\t\t<div class=\"elementor-element elementor-element-e993ea9 elementor-widget__width-inherit elementor-widget elementor-widget-text-editor\" data-id=\"e993ea9\" data-element_type=\"widget\" data-e-type=\"widget\" data-widget_type=\"text-editor.default\">\n\t\t\t\t<div class=\"elementor-widget-container\">\n\t\t\t\t\t\t\t\t\t<p>Un enterrement de vie de gar\u00e7on ne doit pas toujours se composer d'un maximum de programmes, d'un minimum de sommeil et d'un chaos complet. Il est souvent beaucoup plus agr\u00e9able de passer un week-end sp\u00e9cial, mais qui reste d\u00e9contract\u00e9. C'est pourquoi un enterrement de vie de gar\u00e7on \u00e0 Europa-Park est une tr\u00e8s bonne id\u00e9e pour de nombreux groupes : vous vivez quelque chose ensemble, vous avez automatiquement de l'action, du plaisir et des souvenirs et vous ne devez pas surcharger artificiellement le week-end avec dix points de programme.<\/p><p>Pour que cette journ\u00e9e ne soit pas seulement \u201etout \u00e0 fait dr\u00f4le\u201c, mais vraiment un enterrement de vie de gar\u00e7on inoubliable, il faut avant tout la planifier correctement.<\/p>\t\t\t\t\t\t\t\t<\/div>\n\t\t\t\t<\/div>\n\t\t\t\t<\/div>\n\t\t<div class=\"elementor-element elementor-element-9930923 e-con-full e-flex e-con e-parent\" data-id=\"9930923\" data-element_type=\"container\" data-e-type=\"container\">\n\t\t\t\t<div class=\"elementor-element elementor-element-678b150 elementor-widget__width-inherit elementor-widget elementor-widget-heading\" data-id=\"678b150\" data-element_type=\"widget\" data-e-type=\"widget\" data-widget_type=\"heading.default\">\n\t\t\t\t<div class=\"elementor-widget-container\">\n\t\t\t\t\t<h2 class=\"elementor-heading-title elementor-size-default\">Planifier suffisamment t\u00f4t, mais ne pas tout organiser \u00e0 fond<\/h2>\t\t\t\t<\/div>\n\t\t\t\t<\/div>\n\t\t\t\t<\/div>\n\t\t<div class=\"elementor-element elementor-element-7d5fa3b e-con-full e-flex e-con e-parent\" data-id=\"7d5fa3b\" data-element_type=\"container\" data-e-type=\"container\">\n\t\t<div class=\"elementor-element elementor-element-3aaf691 e-con-full e-flex e-con e-parent\" data-id=\"3aaf691\" data-element_type=\"container\" data-e-type=\"container\">\n\t\t\t\t<div class=\"elementor-element elementor-element-0ab739e elementor-widget elementor-widget-text-editor\" data-id=\"0ab739e\" data-element_type=\"widget\" data-e-type=\"widget\" data-widget_type=\"text-editor.default\">\n\t\t\t\t<div class=\"elementor-widget-container\">\n\t\t\t\t\t\t\t\t\t<p>La meilleure combinaison est g\u00e9n\u00e9ralement la suivante : une bonne pr\u00e9paration et suffisamment de libert\u00e9. Surtout pour un enterrement de vie de jeune fille \u00e0 Europa-Park, il vaut mieux d\u00e9finir certaines choses \u00e0 l'avance : la date, la taille du groupe, le budget, les billets, le trajet et l'h\u00e9bergement.<\/p><p>Mais il est \u00e9galement important de ne pas tout planifier \u00e0 la minute pr\u00e8s. Le charme d'un enterrement de vie de gar\u00e7on r\u00e9side dans les bons moments qui surgissent spontan\u00e9ment, que ce soit autour d'un premier caf\u00e9, dans une file d'attente, apr\u00e8s un tour de montagnes russes endiabl\u00e9 ou lors d'un d\u00eener entre amis.<\/p>\t\t\t\t\t\t\t\t<\/div>\n\t\t\t\t<\/div>\n\t\t\t\t<\/div>\n\t\t<div class=\"elementor-element elementor-element-0a1688b e-con-full e-flex e-con e-parent\" data-id=\"0a1688b\" data-element_type=\"container\" data-e-type=\"container\" id=\"voyaframe1\">\n\t\t\t\t<div class=\"elementor-element elementor-element-5404d75 elementor-widget elementor-widget-image\" data-id=\"5404d75\" data-element_type=\"widget\" data-e-type=\"widget\" data-widget_type=\"image.default\">\n\t\t\t\t<div class=\"elementor-widget-container\">\n\t\t\t\t\t\t\t\t\t\t\t\t\t\t\t<img fetchpriority=\"high\" decoding=\"async\" width=\"800\" height=\"534\" src=\"https:\/\/voya-hotel.com\/wp-content\/uploads\/20250514-Voya-Hotel-142-1024x683.jpg\" class=\"attachment-large size-large wp-image-3149\" alt=\"\" srcset=\"https:\/\/voya-hotel.com\/wp-content\/uploads\/20250514-Voya-Hotel-142-1024x683.jpg 1024w, https:\/\/voya-hotel.com\/wp-content\/uploads\/20250514-Voya-Hotel-142-300x200.jpg 300w, https:\/\/voya-hotel.com\/wp-content\/uploads\/20250514-Voya-Hotel-142-768x512.jpg 768w, https:\/\/voya-hotel.com\/wp-content\/uploads\/20250514-Voya-Hotel-142-1536x1024.jpg 1536w, https:\/\/voya-hotel.com\/wp-content\/uploads\/20250514-Voya-Hotel-142-2048x1365.jpg 2048w, https:\/\/voya-hotel.com\/wp-content\/uploads\/20250514-Voya-Hotel-142-18x12.jpg 18w\" sizes=\"(max-width: 800px) 100vw, 800px\" \/>\t\t\t\t\t\t\t\t\t\t\t\t\t\t\t<\/div>\n\t\t\t\t<\/div>\n\t\t\t\t<\/div>\n\t\t\t\t<\/div>\n\t\t<div class=\"elementor-element elementor-element-0194781 e-con-boxed e-flex e-con e-parent\" data-id=\"0194781\" data-element_type=\"container\" data-e-type=\"container\" id=\"voyaquote1\">\n\t\t\t\t\t<div class=\"e-con-inner\">\n\t\t\t\t<div class=\"elementor-element elementor-element-5360051 elementor-widget__width-initial elementor-widget elementor-widget-heading\" data-id=\"5360051\" data-element_type=\"widget\" data-e-type=\"widget\" data-widget_type=\"heading.default\">\n\t\t\t\t<div class=\"elementor-widget-container\">\n\t\t\t\t\t<h2 class=\"elementor-heading-title elementor-size-default\">Ce qui fait tout le charme d'un enterrement de vie de gar\u00e7on, c'est que de bons moments surgissent spontan\u00e9ment.<\/h2>\t\t\t\t<\/div>\n\t\t\t\t<\/div>\n\t\t\t\t\t<\/div>\n\t\t\t\t<\/div>\n\t\t<div class=\"elementor-element elementor-element-450c4d1 e-con-full e-flex e-con e-parent\" data-id=\"450c4d1\" data-element_type=\"container\" data-e-type=\"container\" data-settings=\"{&quot;background_background&quot;:&quot;classic&quot;}\">\n\t\t\t\t<div class=\"elementor-element elementor-element-1c6f8b0 elementor-widget__width-initial elementor-widget elementor-widget-heading\" data-id=\"1c6f8b0\" data-element_type=\"widget\" data-e-type=\"widget\" data-widget_type=\"heading.default\">\n\t\t\t\t<div class=\"elementor-widget-container\">\n\t\t\t\t\t<h2 class=\"elementor-heading-title elementor-size-default\">Questions utiles pour la planification<\/h2>\t\t\t\t<\/div>\n\t\t\t\t<\/div>\n\t\t\t\t<div class=\"elementor-element elementor-element-49e27f5 elementor-widget__width-initial elementor-widget elementor-widget-text-editor\" data-id=\"49e27f5\" data-element_type=\"widget\" data-e-type=\"widget\" data-widget_type=\"text-editor.default\">\n\t\t\t\t<div class=\"elementor-widget-container\">\n\t\t\t\t\t\t\t\t\t<ul><li>Quelle est la taille du groupe ?<\/li><li>Est-ce que tout le monde pr\u00e9f\u00e8re l'action ou y a-t-il un peu des deux ?<\/li><li>La journ\u00e9e doit-elle \u00eatre sauvage, d\u00e9tendue ou \u00e9quilibr\u00e9e ?<\/li><li>Quel est le budget r\u00e9aliste ?<\/li><li>Vous voulez juste visiter le parc ou en faire un week-end entier ?<\/li><\/ul><p>Plus le week-end correspond au groupe, plus il sera facile pour tout le monde et plus il sera agr\u00e9able pour la personne principale \u00e0 la fin.<\/p>\t\t\t\t\t\t\t\t<\/div>\n\t\t\t\t<\/div>\n\t\t\t\t<\/div>\n\t\t<div class=\"elementor-element elementor-element-e77ab42 e-con-boxed e-flex e-con e-parent\" data-id=\"e77ab42\" data-element_type=\"container\" data-e-type=\"container\">\n\t\t\t\t\t<div class=\"e-con-inner\">\n\t\t\t\t<div class=\"elementor-element elementor-element-054dba0 elementor-widget elementor-widget-heading\" data-id=\"054dba0\" data-element_type=\"widget\" data-e-type=\"widget\" data-widget_type=\"heading.default\">\n\t\t\t\t<div class=\"elementor-widget-container\">\n\t\t\t\t\t<h2 class=\"elementor-heading-title elementor-size-default\">La surprise doit \u00eatre personnelle, pas compliqu\u00e9e<\/h2>\t\t\t\t<\/div>\n\t\t\t\t<\/div>\n\t\t\t\t<div class=\"elementor-element elementor-element-d69bb3a elementor-widget elementor-widget-text-editor\" data-id=\"d69bb3a\" data-element_type=\"widget\" data-e-type=\"widget\" data-widget_type=\"text-editor.default\">\n\t\t\t\t<div class=\"elementor-widget-container\">\n\t\t\t\t\t\t\t\t\t<p>Nombreux sont ceux qui souhaitent organiser un enterrement de vie de gar\u00e7on sous forme de surprise. Cela fonctionne particuli\u00e8rement bien si la surprise ne se limite pas \u00e0 un d\u00e9guisement ou \u00e0 des t\u00e2ches embarrassantes, mais correspond vraiment \u00e0 la personne.<\/p><p><strong>Souvent, ce sont surtout ces choses-l\u00e0 qui restent en suspens :<\/strong><\/p><ul><li>un message personnel de tous<\/li><li>un petit livre de souvenirs ou un album photo<\/li><li>un moment favori planifi\u00e9 pour le c\u00e9libataire<\/li><li>Des r\u00e9f\u00e9rences que seul votre groupe comprend<\/li><\/ul>\t\t\t\t\t\t\t\t<\/div>\n\t\t\t\t<\/div>\n\t\t\t\t\t<\/div>\n\t\t\t\t<\/div>\n\t\t<div class=\"elementor-element elementor-element-4707a51 e-con-boxed e-flex e-con e-parent\" data-id=\"4707a51\" data-element_type=\"container\" data-e-type=\"container\">\n\t\t\t\t\t<div class=\"e-con-inner\">\n\t\t<a class=\"elementor-element elementor-element-b682ad6 e-con-full e-flex e-con e-parent\" data-id=\"b682ad6\" data-element_type=\"container\" data-e-type=\"container\" id=\"voyacard1\" href=\"https:\/\/voya-hotel.com\/fr\/dreilaendereck\/#schwarzwald-breisgau\">\n\t\t\t\t<div class=\"elementor-element elementor-element-200a27f elementor-widget elementor-widget-image\" data-id=\"200a27f\" data-element_type=\"widget\" data-e-type=\"widget\" data-widget_type=\"image.default\">\n\t\t\t\t<div class=\"elementor-widget-container\">\n\t\t\t\t\t\t\t\t\t\t\t\t\t\t\t<img decoding=\"async\" width=\"500\" height=\"375\" src=\"https:\/\/voya-hotel.com\/wp-content\/uploads\/freiburg-im-breisgau-9b16d9.jpg\" class=\"attachment-large size-large wp-image-3472\" alt=\"Blick \u00fcber die Altstadt von Freiburg im Breisgau mit dem M\u00fcnster und den bewaldeten H\u00f6hen des Schwarzwalds\" srcset=\"https:\/\/voya-hotel.com\/wp-content\/uploads\/freiburg-im-breisgau-9b16d9.jpg 500w, https:\/\/voya-hotel.com\/wp-content\/uploads\/freiburg-im-breisgau-9b16d9-300x225.jpg 300w, https:\/\/voya-hotel.com\/wp-content\/uploads\/freiburg-im-breisgau-9b16d9-16x12.jpg 16w\" sizes=\"(max-width: 500px) 100vw, 500px\" \/>\t\t\t\t\t\t\t\t\t\t\t\t\t\t\t<\/div>\n\t\t\t\t<\/div>\n\t\t<div class=\"elementor-element elementor-element-abbd72f e-con-full e-flex e-con e-parent\" data-id=\"abbd72f\" data-element_type=\"container\" data-e-type=\"container\">\n\t\t\t\t<div class=\"elementor-element elementor-element-668e057 elementor-widget elementor-widget-heading\" data-id=\"668e057\" data-element_type=\"widget\" data-e-type=\"widget\" data-widget_type=\"heading.default\">\n\t\t\t\t<div class=\"elementor-widget-container\">\n\t\t\t\t\t<h2 class=\"elementor-heading-title elementor-size-default\">Fribourg<\/h2>\t\t\t\t<\/div>\n\t\t\t\t<\/div>\n\t\t\t\t<div class=\"elementor-element elementor-element-fb2183f elementor-widget elementor-widget-text-editor\" data-id=\"fb2183f\" data-element_type=\"widget\" data-e-type=\"widget\" data-widget_type=\"text-editor.default\">\n\t\t\t\t<div class=\"elementor-widget-container\">\n\t\t\t\t\t\t\t\t\tavec sa vieille ville historique\t\t\t\t\t\t\t\t<\/div>\n\t\t\t\t<\/div>\n\t\t\t\t<\/div>\n\t\t\t\t<\/a>\n\t\t<a class=\"elementor-element elementor-element-a9fa3fc e-con-full e-flex e-con e-parent\" data-id=\"a9fa3fc\" data-element_type=\"container\" data-e-type=\"container\" id=\"voyacard2\" href=\"https:\/\/voya-hotel.com\/fr\/dreilaendereck\/#elsass-vogesen\">\n\t\t\t\t<div class=\"elementor-element elementor-element-d5d88da elementor-widget elementor-widget-image\" data-id=\"d5d88da\" data-element_type=\"widget\" data-e-type=\"widget\" data-widget_type=\"image.default\">\n\t\t\t\t<div class=\"elementor-widget-container\">\n\t\t\t\t\t\t\t\t\t\t\t\t\t\t\t<img decoding=\"async\" width=\"800\" height=\"533\" src=\"https:\/\/voya-hotel.com\/wp-content\/uploads\/colmar-im-elsass-44a24d-1024x682.jpg\" class=\"attachment-large size-large wp-image-3473\" alt=\"Bunte Fachwerkh\u00e4user am Wasser in der Altstadt von Colmar im Elsass\" srcset=\"https:\/\/voya-hotel.com\/wp-content\/uploads\/colmar-im-elsass-44a24d-1024x682.jpg 1024w, https:\/\/voya-hotel.com\/wp-content\/uploads\/colmar-im-elsass-44a24d-300x200.jpg 300w, https:\/\/voya-hotel.com\/wp-content\/uploads\/colmar-im-elsass-44a24d-768x512.jpg 768w, https:\/\/voya-hotel.com\/wp-content\/uploads\/colmar-im-elsass-44a24d-18x12.jpg 18w, https:\/\/voya-hotel.com\/wp-content\/uploads\/colmar-im-elsass-44a24d.jpg 1280w\" sizes=\"(max-width: 800px) 100vw, 800px\" \/>\t\t\t\t\t\t\t\t\t\t\t\t\t\t\t<\/div>\n\t\t\t\t<\/div>\n\t\t<div class=\"elementor-element elementor-element-bec68e6 e-con-full e-flex e-con e-parent\" data-id=\"bec68e6\" data-element_type=\"container\" data-e-type=\"container\">\n\t\t\t\t<div class=\"elementor-element elementor-element-05fcce5 elementor-widget elementor-widget-heading\" data-id=\"05fcce5\" data-element_type=\"widget\" data-e-type=\"widget\" data-widget_type=\"heading.default\">\n\t\t\t\t<div class=\"elementor-widget-container\">\n\t\t\t\t\t<h2 class=\"elementor-heading-title elementor-size-default\">Colmar<\/h2>\t\t\t\t<\/div>\n\t\t\t\t<\/div>\n\t\t\t\t<div class=\"elementor-element elementor-element-589cc14 elementor-widget elementor-widget-text-editor\" data-id=\"589cc14\" data-element_type=\"widget\" data-e-type=\"widget\" data-widget_type=\"text-editor.default\">\n\t\t\t\t<div class=\"elementor-widget-container\">\n\t\t\t\t\t\t\t\t\tavec ses maisons \u00e0 colombages color\u00e9es\t\t\t\t\t\t\t\t<\/div>\n\t\t\t\t<\/div>\n\t\t\t\t<\/div>\n\t\t\t\t<\/a>\n\t\t<a class=\"elementor-element elementor-element-21e1611 e-con-full e-flex e-con e-parent\" data-id=\"21e1611\" data-element_type=\"container\" data-e-type=\"container\" id=\"voyacard3\" href=\"https:\/\/voya-hotel.com\/fr\/dreilaendereck\/#schwarzwald-breisgau\">\n\t\t\t\t<div class=\"elementor-element elementor-element-631f003 elementor-widget elementor-widget-image\" data-id=\"631f003\" data-element_type=\"widget\" data-e-type=\"widget\" data-widget_type=\"image.default\">\n\t\t\t\t<div class=\"elementor-widget-container\">\n\t\t\t\t\t\t\t\t\t\t\t\t\t\t\t<img loading=\"lazy\" decoding=\"async\" width=\"800\" height=\"534\" src=\"https:\/\/voya-hotel.com\/wp-content\/uploads\/2025\/08\/Schwarzwald-und-Breisgau-1024x683.jpg\" class=\"attachment-large size-large wp-image-2409\" alt=\"Panoramablick auf das Schwarzwaldtal mit gr\u00fcnen Wiesen und bewaldeten H\u00fcgeln.\" srcset=\"https:\/\/voya-hotel.com\/wp-content\/uploads\/2025\/08\/Schwarzwald-und-Breisgau-1024x683.jpg 1024w, https:\/\/voya-hotel.com\/wp-content\/uploads\/2025\/08\/Schwarzwald-und-Breisgau-300x200.jpg 300w, https:\/\/voya-hotel.com\/wp-content\/uploads\/2025\/08\/Schwarzwald-und-Breisgau-768x512.jpg 768w, https:\/\/voya-hotel.com\/wp-content\/uploads\/2025\/08\/Schwarzwald-und-Breisgau-18x12.jpg 18w, https:\/\/voya-hotel.com\/wp-content\/uploads\/2025\/08\/Schwarzwald-und-Breisgau.jpg 1536w\" sizes=\"(max-width: 800px) 100vw, 800px\" \/>\t\t\t\t\t\t\t\t\t\t\t\t\t\t\t<\/div>\n\t\t\t\t<\/div>\n\t\t<div class=\"elementor-element elementor-element-132d9d9 e-con-full e-flex e-con e-parent\" data-id=\"132d9d9\" data-element_type=\"container\" data-e-type=\"container\">\n\t\t\t\t<div class=\"elementor-element elementor-element-425477e elementor-widget elementor-widget-heading\" data-id=\"425477e\" data-element_type=\"widget\" data-e-type=\"widget\" data-widget_type=\"heading.default\">\n\t\t\t\t<div class=\"elementor-widget-container\">\n\t\t\t\t\t<h2 class=\"elementor-heading-title elementor-size-default\">For\u00eat-Noire<\/h2>\t\t\t\t<\/div>\n\t\t\t\t<\/div>\n\t\t\t\t<div class=\"elementor-element elementor-element-76a66eb elementor-widget elementor-widget-text-editor\" data-id=\"76a66eb\" data-element_type=\"widget\" data-e-type=\"widget\" data-widget_type=\"text-editor.default\">\n\t\t\t\t<div class=\"elementor-widget-container\">\n\t\t\t\t\t\t\t\t\tavec des sentiers de randonn\u00e9e faciles et des d\u00e9couvertes de la nature\t\t\t\t\t\t\t\t<\/div>\n\t\t\t\t<\/div>\n\t\t\t\t<\/div>\n\t\t\t\t<\/a>\n\t\t<a class=\"elementor-element elementor-element-2c667c7 e-con-full e-flex e-con e-parent\" data-id=\"2c667c7\" data-element_type=\"container\" data-e-type=\"container\" id=\"voyacard4\" href=\"https:\/\/voya-hotel.com\/fr\/dreilaendereck\/#schwarzwald-breisgau\">\n\t\t\t\t<div class=\"elementor-element elementor-element-f7f31e5 elementor-widget elementor-widget-image\" data-id=\"f7f31e5\" data-element_type=\"widget\" data-e-type=\"widget\" data-widget_type=\"image.default\">\n\t\t\t\t<div class=\"elementor-widget-container\">\n\t\t\t\t\t\t\t\t\t\t\t\t\t\t\t<img loading=\"lazy\" decoding=\"async\" width=\"500\" height=\"314\" src=\"https:\/\/voya-hotel.com\/wp-content\/uploads\/kaiserstuhl-e5484b.jpg\" class=\"attachment-large size-large wp-image-3474\" alt=\"Terrassenweinberge am Kaiserstuhl mit Blick \u00fcber die Rheinebene\" srcset=\"https:\/\/voya-hotel.com\/wp-content\/uploads\/kaiserstuhl-e5484b.jpg 500w, https:\/\/voya-hotel.com\/wp-content\/uploads\/kaiserstuhl-e5484b-300x188.jpg 300w, https:\/\/voya-hotel.com\/wp-content\/uploads\/kaiserstuhl-e5484b-18x12.jpg 18w\" sizes=\"(max-width: 500px) 100vw, 500px\" \/>\t\t\t\t\t\t\t\t\t\t\t\t\t\t\t<\/div>\n\t\t\t\t<\/div>\n\t\t<div class=\"elementor-element elementor-element-1066446 e-con-full e-flex e-con e-parent\" data-id=\"1066446\" data-element_type=\"container\" data-e-type=\"container\">\n\t\t\t\t<div class=\"elementor-element elementor-element-a3765f9 elementor-widget elementor-widget-heading\" data-id=\"a3765f9\" data-element_type=\"widget\" data-e-type=\"widget\" data-widget_type=\"heading.default\">\n\t\t\t\t<div class=\"elementor-widget-container\">\n\t\t\t\t\t<h2 class=\"elementor-heading-title elementor-size-default\">Kaiserstuhl<\/h2>\t\t\t\t<\/div>\n\t\t\t\t<\/div>\n\t\t\t\t<div class=\"elementor-element elementor-element-2bc2fbc elementor-widget elementor-widget-text-editor\" data-id=\"2bc2fbc\" data-element_type=\"widget\" data-e-type=\"widget\" data-widget_type=\"text-editor.default\">\n\t\t\t\t<div class=\"elementor-widget-container\">\n\t\t\t\t\t\t\t\t\tavec des vignobles, des points de vue et des balades adapt\u00e9es aux familles\t\t\t\t\t\t\t\t<\/div>\n\t\t\t\t<\/div>\n\t\t\t\t<\/div>\n\t\t\t\t<\/a>\n\t\t<a class=\"elementor-element elementor-element-5ba6696 e-con-full e-flex e-con e-parent\" data-id=\"5ba6696\" data-element_type=\"container\" data-e-type=\"container\" id=\"voyacard5\" href=\"https:\/\/voya-hotel.com\/fr\/dreilaendereck\/#basel-schweiz\">\n\t\t\t\t<div class=\"elementor-element elementor-element-48afd7d elementor-widget elementor-widget-image\" data-id=\"48afd7d\" data-element_type=\"widget\" data-e-type=\"widget\" data-widget_type=\"image.default\">\n\t\t\t\t<div class=\"elementor-widget-container\">\n\t\t\t\t\t\t\t\t\t\t\t\t\t\t\t<img loading=\"lazy\" decoding=\"async\" width=\"800\" height=\"534\" src=\"https:\/\/voya-hotel.com\/wp-content\/uploads\/2025\/08\/Dreilaendereck-1024x683.jpg\" class=\"attachment-large size-large wp-image-2413\" alt=\"Sanfte H\u00fcgel mit einer kurvigen Stra\u00dfe, umgeben von W\u00e4ldern und einer goldenen Abendd\u00e4mmerung.\" srcset=\"https:\/\/voya-hotel.com\/wp-content\/uploads\/2025\/08\/Dreilaendereck-1024x683.jpg 1024w, https:\/\/voya-hotel.com\/wp-content\/uploads\/2025\/08\/Dreilaendereck-300x200.jpg 300w, https:\/\/voya-hotel.com\/wp-content\/uploads\/2025\/08\/Dreilaendereck-768x512.jpg 768w, https:\/\/voya-hotel.com\/wp-content\/uploads\/2025\/08\/Dreilaendereck-1536x1024.jpg 1536w, https:\/\/voya-hotel.com\/wp-content\/uploads\/2025\/08\/Dreilaendereck-2048x1365.jpg 2048w, https:\/\/voya-hotel.com\/wp-content\/uploads\/2025\/08\/Dreilaendereck-18x12.jpg 18w\" sizes=\"(max-width: 800px) 100vw, 800px\" \/>\t\t\t\t\t\t\t\t\t\t\t\t\t\t\t<\/div>\n\t\t\t\t<\/div>\n\t\t<div class=\"elementor-element elementor-element-dbdb190 e-con-full e-flex e-con e-parent\" data-id=\"dbdb190\" data-element_type=\"container\" data-e-type=\"container\">\n\t\t\t\t<div class=\"elementor-element elementor-element-23cfba5 elementor-widget elementor-widget-heading\" data-id=\"23cfba5\" data-element_type=\"widget\" data-e-type=\"widget\" data-widget_type=\"heading.default\">\n\t\t\t\t<div class=\"elementor-widget-container\">\n\t\t\t\t\t<h2 class=\"elementor-heading-title elementor-size-default\">Triangle frontalier<\/h2>\t\t\t\t<\/div>\n\t\t\t\t<\/div>\n\t\t\t\t<div class=\"elementor-element elementor-element-8bac175 elementor-widget elementor-widget-text-editor\" data-id=\"8bac175\" data-element_type=\"widget\" data-e-type=\"widget\" data-widget_type=\"text-editor.default\">\n\t\t\t\t<div class=\"elementor-widget-container\">\n\t\t\t\t\t\t\t\t\tdes villages charmants entre l'Allemagne, la France et la Suisse\t\t\t\t\t\t\t\t<\/div>\n\t\t\t\t<\/div>\n\t\t\t\t<\/div>\n\t\t\t\t<\/a>\n\t\t<a class=\"elementor-element elementor-element-44c6aaf e-con-full e-flex e-con e-parent\" data-id=\"44c6aaf\" data-element_type=\"container\" data-e-type=\"container\" id=\"voyacard6\" href=\"https:\/\/voya-hotel.com\/fr\/infos-zu-europa-park-rulantica\/\">\n\t\t\t\t<div class=\"elementor-element elementor-element-484650c elementor-widget elementor-widget-image\" data-id=\"484650c\" data-element_type=\"widget\" data-e-type=\"widget\" data-widget_type=\"image.default\">\n\t\t\t\t<div class=\"elementor-widget-container\">\n\t\t\t\t\t\t\t\t\t\t\t\t\t\t\t<img loading=\"lazy\" decoding=\"async\" width=\"800\" height=\"534\" src=\"https:\/\/voya-hotel.com\/wp-content\/uploads\/2025\/07\/voltron-nevera-powered-by-rimac-1024x683.jpg\" class=\"attachment-large size-large wp-image-389\" alt=\"Achterbahn im Europa-Park mit Fahrg\u00e4sten, die an einem sonnigen Tag fahren.\" srcset=\"https:\/\/voya-hotel.com\/wp-content\/uploads\/2025\/07\/voltron-nevera-powered-by-rimac-1024x683.jpg 1024w, https:\/\/voya-hotel.com\/wp-content\/uploads\/2025\/07\/voltron-nevera-powered-by-rimac-300x200.jpg 300w, https:\/\/voya-hotel.com\/wp-content\/uploads\/2025\/07\/voltron-nevera-powered-by-rimac-768x512.jpg 768w, https:\/\/voya-hotel.com\/wp-content\/uploads\/2025\/07\/voltron-nevera-powered-by-rimac-1536x1024.jpg 1536w, https:\/\/voya-hotel.com\/wp-content\/uploads\/2025\/07\/voltron-nevera-powered-by-rimac-2048x1365.jpg 2048w, https:\/\/voya-hotel.com\/wp-content\/uploads\/2025\/07\/voltron-nevera-powered-by-rimac-18x12.jpg 18w\" sizes=\"(max-width: 800px) 100vw, 800px\" \/>\t\t\t\t\t\t\t\t\t\t\t\t\t\t\t<\/div>\n\t\t\t\t<\/div>\n\t\t<div class=\"elementor-element elementor-element-fe4f9c9 e-con-full e-flex e-con e-parent\" data-id=\"fe4f9c9\" data-element_type=\"container\" data-e-type=\"container\">\n\t\t\t\t<div class=\"elementor-element elementor-element-507387c elementor-widget elementor-widget-heading\" data-id=\"507387c\" data-element_type=\"widget\" data-e-type=\"widget\" data-widget_type=\"heading.default\">\n\t\t\t\t<div class=\"elementor-widget-container\">\n\t\t\t\t\t<h2 class=\"elementor-heading-title elementor-size-default\">Europa-Park<\/h2>\t\t\t\t<\/div>\n\t\t\t\t<\/div>\n\t\t\t\t<div class=\"elementor-element elementor-element-82b0207 elementor-widget elementor-widget-text-editor\" data-id=\"82b0207\" data-element_type=\"widget\" data-e-type=\"widget\" data-widget_type=\"text-editor.default\">\n\t\t\t\t<div class=\"elementor-widget-container\">\n\t\t\t\t\t\t\t\t\tDes montagnes russes, des spectacles et des univers th\u00e9matiques juste \u00e0 c\u00f4t\u00e9\t\t\t\t\t\t\t\t<\/div>\n\t\t\t\t<\/div>\n\t\t\t\t<\/div>\n\t\t\t\t<\/a>\n\t\t\t\t\t<\/div>\n\t\t\t\t<\/div>\n\t\t<div class=\"elementor-element elementor-element-e6477d0 e-con-boxed e-flex e-con e-parent\" data-id=\"e6477d0\" data-element_type=\"container\" data-e-type=\"container\">\n\t\t\t\t\t<div class=\"e-con-inner\">\n\t\t\t\t<div class=\"elementor-element elementor-element-e08f7c3 elementor-widget elementor-widget-text-editor\" data-id=\"e08f7c3\" data-element_type=\"widget\" data-e-type=\"widget\" data-widget_type=\"text-editor.default\">\n\t\t\t\t<div class=\"elementor-widget-container\">\n\t\t\t\t\t\t\t\t\t<p>L'Europa-Park propose plus de 100 attractions et spectacles. L'application officielle Europa-Park &amp; Rulantica est tr\u00e8s utile : elle affiche les temps d'attente, les horaires des prochains spectacles, les horaires d'ouverture et permet de s'orienter dans le parc \u2013 ce qui est particuli\u00e8rement pratique pour les groupes, car cela vous permet de mieux vous organiser et de perdre moins de temps sur place.<\/p>\t\t\t\t\t\t\t\t<\/div>\n\t\t\t\t<\/div>\n\t\t\t\t\t<\/div>\n\t\t\t\t<\/div>\n\t\t<div class=\"elementor-element elementor-element-4b23937 e-con-full e-flex e-con e-parent\" data-id=\"4b23937\" data-element_type=\"container\" data-e-type=\"container\">\n\t\t\t\t<div class=\"elementor-element elementor-element-0853ee5 elementor-widget elementor-widget-image\" data-id=\"0853ee5\" data-element_type=\"widget\" data-e-type=\"widget\" data-widget_type=\"image.default\">\n\t\t\t\t<div class=\"elementor-widget-container\">\n\t\t\t\t\t\t\t\t\t\t\t\t\t\t\t<img loading=\"lazy\" decoding=\"async\" width=\"800\" height=\"534\" src=\"https:\/\/voya-hotel.com\/wp-content\/uploads\/20250514-Voya-Hotel-110-1024x683.jpg\" class=\"attachment-large size-large wp-image-3114\" alt=\"\" srcset=\"https:\/\/voya-hotel.com\/wp-content\/uploads\/20250514-Voya-Hotel-110-1024x683.jpg 1024w, https:\/\/voya-hotel.com\/wp-content\/uploads\/20250514-Voya-Hotel-110-300x200.jpg 300w, https:\/\/voya-hotel.com\/wp-content\/uploads\/20250514-Voya-Hotel-110-768x512.jpg 768w, https:\/\/voya-hotel.com\/wp-content\/uploads\/20250514-Voya-Hotel-110-1536x1024.jpg 1536w, https:\/\/voya-hotel.com\/wp-content\/uploads\/20250514-Voya-Hotel-110-2048x1365.jpg 2048w, https:\/\/voya-hotel.com\/wp-content\/uploads\/20250514-Voya-Hotel-110-18x12.jpg 18w\" sizes=\"(max-width: 800px) 100vw, 800px\" \/>\t\t\t\t\t\t\t\t\t\t\t\t\t\t\t<\/div>\n\t\t\t\t<\/div>\n\t\t\t\t<\/div>\n\t\t<div class=\"elementor-element elementor-element-9ffdb10 e-con-boxed e-flex e-con e-parent\" data-id=\"9ffdb10\" data-element_type=\"container\" data-e-type=\"container\" id=\"voyaquote2\">\n\t\t\t\t\t<div class=\"e-con-inner\">\n\t\t\t\t<div class=\"elementor-element elementor-element-5412bd6 elementor-widget__width-initial elementor-widget elementor-widget-heading\" data-id=\"5412bd6\" data-element_type=\"widget\" data-e-type=\"widget\" data-widget_type=\"heading.default\">\n\t\t\t\t<div class=\"elementor-widget-container\">\n\t\t\t\t\t<h2 class=\"elementor-heading-title elementor-size-default\">Vous n'avez pas besoin de cr\u00e9er une ambiance artificielle : il vous suffit de veiller \u00e0 ce que la journ\u00e9e soit bien organis\u00e9e.<\/h2>\t\t\t\t<\/div>\n\t\t\t\t<\/div>\n\t\t\t\t\t<\/div>\n\t\t\t\t<\/div>\n\t\t<div class=\"elementor-element elementor-element-de76a0d e-con-boxed e-flex e-con e-parent\" data-id=\"de76a0d\" data-element_type=\"container\" data-e-type=\"container\">\n\t\t\t\t\t<div class=\"e-con-inner\">\n\t\t\t\t<div class=\"elementor-element elementor-element-8967638 elementor-widget elementor-widget-heading\" data-id=\"8967638\" data-element_type=\"widget\" data-e-type=\"widget\" data-widget_type=\"heading.default\">\n\t\t\t\t<div class=\"elementor-widget-container\">\n\t\t\t\t\t<h2 class=\"elementor-heading-title elementor-size-default\">Ce que vous devez emporter<\/h2>\t\t\t\t<\/div>\n\t\t\t\t<\/div>\n\t\t\t\t<div class=\"elementor-element elementor-element-02ad721 elementor-widget elementor-widget-text-editor\" data-id=\"02ad721\" data-element_type=\"widget\" data-e-type=\"widget\" data-widget_type=\"text-editor.default\">\n\t\t\t\t<div class=\"elementor-widget-container\">\n\t\t\t\t\t\t\t\t\t<ul><li>des chaussures confortables<\/li><li>des v\u00eatements adapt\u00e9s \u00e0 la m\u00e9t\u00e9o, avec un look d'oignon<\/li><li>Banque de puissance<\/li><li>Lunettes de soleil<\/li><li>petit sac ou sac \u00e0 dos<\/li><li>Bouteille d'eau<\/li><li>Snacks pour l'arriv\u00e9e<\/li><li>bonne humeur sans pression d'attente<\/li><\/ul><p>Si vous organisez un enterrement de vie de gar\u00e7on \u00e0 l'improviste, pensez \u00e9galement \u00e0 faire en sorte que le futur mari\u00e9 ait le moins possible \u00e0 s'occuper de l'organisation.<\/p>\t\t\t\t\t\t\t\t<\/div>\n\t\t\t\t<\/div>\n\t\t\t\t\t<\/div>\n\t\t\t\t<\/div>\n\t\t<div class=\"elementor-element elementor-element-aa4c6f0 e-con-full e-flex e-con e-parent\" data-id=\"aa4c6f0\" data-element_type=\"container\" data-e-type=\"container\">\n\t\t<div class=\"elementor-element elementor-element-595c701 e-con-full e-flex e-con e-child\" data-id=\"595c701\" data-element_type=\"container\" data-e-type=\"container\">\n\t\t<div class=\"elementor-element elementor-element-e79e01a e-con-full e-flex e-con e-parent\" data-id=\"e79e01a\" data-element_type=\"container\" data-e-type=\"container\" id=\"voyaframe2\">\n\t\t\t\t<div class=\"elementor-element elementor-element-7016ea6 elementor-widget elementor-widget-image\" data-id=\"7016ea6\" data-element_type=\"widget\" data-e-type=\"widget\" data-widget_type=\"image.default\">\n\t\t\t\t<div class=\"elementor-widget-container\">\n\t\t\t\t\t\t\t\t\t\t\t\t\t\t\t<img loading=\"lazy\" decoding=\"async\" width=\"800\" height=\"534\" src=\"https:\/\/voya-hotel.com\/wp-content\/uploads\/2025\/08\/b6cc8333-d5e4-4543-bdf8-e765bed310a6-1024x683.jpeg\" class=\"attachment-large size-large wp-image-1554\" alt=\"Achterbahn mit mehreren Fahrg\u00e4sten, die ihre H\u00e4nde in die Luft heben, w\u00e4hrend sie eine Kurve fahren.\" srcset=\"https:\/\/voya-hotel.com\/wp-content\/uploads\/2025\/08\/b6cc8333-d5e4-4543-bdf8-e765bed310a6-1024x683.jpeg 1024w, https:\/\/voya-hotel.com\/wp-content\/uploads\/2025\/08\/b6cc8333-d5e4-4543-bdf8-e765bed310a6-300x200.jpeg 300w, https:\/\/voya-hotel.com\/wp-content\/uploads\/2025\/08\/b6cc8333-d5e4-4543-bdf8-e765bed310a6-768x512.jpeg 768w, https:\/\/voya-hotel.com\/wp-content\/uploads\/2025\/08\/b6cc8333-d5e4-4543-bdf8-e765bed310a6-1536x1024.jpeg 1536w, https:\/\/voya-hotel.com\/wp-content\/uploads\/2025\/08\/b6cc8333-d5e4-4543-bdf8-e765bed310a6-18x12.jpeg 18w, https:\/\/voya-hotel.com\/wp-content\/uploads\/2025\/08\/b6cc8333-d5e4-4543-bdf8-e765bed310a6.jpeg 1600w\" sizes=\"(max-width: 800px) 100vw, 800px\" \/>\t\t\t\t\t\t\t\t\t\t\t\t\t\t\t<\/div>\n\t\t\t\t<\/div>\n\t\t\t\t<\/div>\n\t\t<div class=\"elementor-element elementor-element-635ebe6 e-con-full e-flex e-con e-parent\" data-id=\"635ebe6\" data-element_type=\"container\" data-e-type=\"container\">\n\t\t\t\t<div class=\"elementor-element elementor-element-831855a elementor-widget elementor-widget-heading\" data-id=\"831855a\" data-element_type=\"widget\" data-e-type=\"widget\" data-widget_type=\"heading.default\">\n\t\t\t\t<div class=\"elementor-widget-container\">\n\t\t\t\t\t<h2 class=\"elementor-heading-title elementor-size-default\">Le s\u00e9jour aux alentours est presque aussi important que le parc lui-m\u00eame<\/h2>\t\t\t\t<\/div>\n\t\t\t\t<\/div>\n\t\t\t\t<div class=\"elementor-element elementor-element-9c67656 elementor-widget elementor-widget-text-editor\" data-id=\"9c67656\" data-element_type=\"widget\" data-e-type=\"widget\" data-widget_type=\"text-editor.default\">\n\t\t\t\t<div class=\"elementor-widget-container\">\n\t\t\t\t\t\t\t\t\t<p>Une erreur fr\u00e9quente lors de la planification : tout se concentre sur le parc, mais personne ne r\u00e9fl\u00e9chit \u00e0 la mani\u00e8re dont le groupe va se loger, arriver sur place et d\u00e9marrer sa journ\u00e9e le lendemain matin.<\/p><p>Si vous souhaitez faire de cet enterrement de vie de gar\u00e7on un v\u00e9ritable week-end, il vaut mieux opter pour un h\u00e9bergement adapt\u00e9 \u00e0 votre groupe, avec suffisamment d'espace pour vivre tous ensemble sans avoir \u00e0 vous organiser d\u00e8s le lendemain matin.<\/p>\t\t\t\t\t\t\t\t<\/div>\n\t\t\t\t<\/div>\n\t\t\t\t<\/div>\n\t\t\t\t<\/div>\n\t\t\t\t<div class=\"elementor-element elementor-element-b3c1b74 elementor-align-left elementor-widget elementor-widget-button\" data-id=\"b3c1b74\" data-element_type=\"widget\" data-e-type=\"widget\" data-widget_type=\"button.default\">\n\t\t\t\t<div class=\"elementor-widget-container\">\n\t\t\t\t\t\t\t\t\t<div class=\"elementor-button-wrapper\">\n\t\t\t\t\t<a class=\"elementor-button elementor-button-link elementor-size-sm\" href=\"https:\/\/voya-hotel.com\/fr\/das-voya-hotel\/\">\n\t\t\t\t\t\t<span class=\"elementor-button-content-wrapper\">\n\t\t\t\t\t\t\t\t\t<span class=\"elementor-button-text\">D\u00e9couvrir l'h\u00f4tel VOYA<\/span>\n\t\t\t\t\t<\/span>\n\t\t\t\t\t<\/a>\n\t\t\t\t<\/div>\n\t\t\t\t\t\t\t\t<\/div>\n\t\t\t\t<\/div>\n\t\t\t\t<\/div>\n\t\t<div class=\"elementor-element elementor-element-04d468c e-con-boxed e-flex e-con e-parent\" data-id=\"04d468c\" data-element_type=\"container\" data-e-type=\"container\">\n\t\t\t\t\t<div class=\"e-con-inner\">\n\t\t\t\t<div class=\"elementor-element elementor-element-5725d87 elementor-widget elementor-widget-heading\" data-id=\"5725d87\" data-element_type=\"widget\" data-e-type=\"widget\" data-widget_type=\"heading.default\">\n\t\t\t\t<div class=\"elementor-widget-container\">\n\t\t\t\t\t<h2 class=\"elementor-heading-title elementor-size-default\">Pour que l'enterrement de vie de gar\u00e7on soit vraiment inoubliable<\/h2>\t\t\t\t<\/div>\n\t\t\t\t<\/div>\n\t\t\t\t<div class=\"elementor-element elementor-element-8304c7b elementor-widget elementor-widget-text-editor\" data-id=\"8304c7b\" data-element_type=\"widget\" data-e-type=\"widget\" data-widget_type=\"text-editor.default\">\n\t\t\t\t<div class=\"elementor-widget-container\">\n\t\t\t\t\t\t\t\t\t<p>Un enterrement de vie de gar\u00e7on inoubliable ne repose g\u00e9n\u00e9ralement pas sur un programme surcharg\u00e9, mais sur le bon \u00e9quilibre entre : des moments de partage, suffisamment de place pour l'improvisation, de petites surprises personnelles, peu de stress et un cadre o\u00f9 l'on se sent \u00e0 l'aise.<\/p><p>C'est justement parce que le lieu en lui-m\u00eame offre d\u00e9j\u00e0 suffisamment d'attractions qu'un enterrement de vie de gar\u00e7on \u00e0 Europa-Park est une si bonne id\u00e9e.<\/p>\t\t\t\t\t\t\t\t<\/div>\n\t\t\t\t<\/div>\n\t\t\t\t\t<\/div>\n\t\t\t\t<\/div>\n\t\t<div class=\"elementor-element elementor-element-658b1b5 e-con-full e-flex e-con e-parent\" data-id=\"658b1b5\" data-element_type=\"container\" data-e-type=\"container\" data-settings=\"{&quot;background_background&quot;:&quot;classic&quot;}\">\n\t\t\t\t<div class=\"elementor-element elementor-element-2bebf32 elementor-widget__width-initial elementor-widget elementor-widget-heading\" data-id=\"2bebf32\" data-element_type=\"widget\" data-e-type=\"widget\" data-widget_type=\"heading.default\">\n\t\t\t\t<div class=\"elementor-widget-container\">\n\t\t\t\t\t<h2 class=\"elementor-heading-title elementor-size-default\">Conseil pratique pour les grands groupes<\/h2>\t\t\t\t<\/div>\n\t\t\t\t<\/div>\n\t\t\t\t<div class=\"elementor-element elementor-element-f91aa30 elementor-widget__width-initial elementor-widget elementor-widget-text-editor\" data-id=\"f91aa30\" data-element_type=\"widget\" data-e-type=\"widget\" data-widget_type=\"text-editor.default\">\n\t\t\t\t<div class=\"elementor-widget-container\">\n\t\t\t\t\t\t\t\t\t<p>Si vous venez en groupe : Europa-Park propose des tarifs de groupe \u00e0 partir de 20 personnes payantes, y compris pour la restauration.<\/p><p>C'est particuli\u00e8rement agr\u00e9able de pouvoir vivre ensemble tout en disposant de suffisamment d'intimit\u00e9, par exemple dans des g\u00eetes \u00e0 deux chambres. Des prestations suppl\u00e9mentaires telles que le petit-d\u00e9jeuner \u00e0 l'h\u00f4tel et l'acc\u00e8s \u00e0 la salle de sport rendent le s\u00e9jour encore plus relaxant.<\/p>\t\t\t\t\t\t\t\t<\/div>\n\t\t\t\t<\/div>\n\t\t\t\t<div class=\"elementor-element elementor-element-6e5005e elementor-widget__width-initial elementor-widget elementor-widget-heading\" data-id=\"6e5005e\" data-element_type=\"widget\" data-e-type=\"widget\" data-widget_type=\"heading.default\">\n\t\t\t\t<div class=\"elementor-widget-container\">\n\t\t\t\t\t<h2 class=\"elementor-heading-title elementor-size-default\">Enterrement de vie de gar\u00e7on \u00e0 Europa-Park : un week-end inoubliable.<\/h2>\t\t\t\t<\/div>\n\t\t\t\t<\/div>\n\t\t\t\t<div class=\"elementor-element elementor-element-2d21af9 elementor-align-center elementor-widget elementor-widget-button\" data-id=\"2d21af9\" data-element_type=\"widget\" data-e-type=\"widget\" data-widget_type=\"button.default\">\n\t\t\t\t<div class=\"elementor-widget-container\">\n\t\t\t\t\t\t\t\t\t<div class=\"elementor-button-wrapper\">\n\t\t\t\t\t<a class=\"elementor-button elementor-button-link elementor-size-sm\" href=\"https:\/\/app.mews.com\/distributor\/7ebb8f1d-c9d2-494a-a565-b45100caaeed?language=fr-FR\" target=\"_blank\">\n\t\t\t\t\t\t<span class=\"elementor-button-content-wrapper\">\n\t\t\t\t\t\t\t\t\t<span class=\"elementor-button-text\">R\u00e9server maintenant<\/span>\n\t\t\t\t\t<\/span>\n\t\t\t\t\t<\/a>\n\t\t\t\t<\/div>\n\t\t\t\t\t\t\t\t<\/div>\n\t\t\t\t<\/div>\n\t\t\t\t<\/div>\n\t\t\t\t<\/div>","protected":false},"excerpt":{"rendered":"<p>Der Junggesellenabschied Ein Junggesellenabschied muss nicht immer aus m\u00f6glichst viel Programm, m\u00f6glichst wenig Schlaf und komplettem Chaos bestehen. Viel sch\u00f6ner wird es oft dann, wenn das Wochenende zwar besonders ist, aber trotzdem entspannt bleibt. Genau deshalb ist ein Junggesellenabschied im Europa-Park f\u00fcr viele Gruppen eine richtig gute Idee: Ihr erlebt zusammen etwas, habt automatisch Action, [&hellip;]<\/p>\n","protected":false},"author":3,"featured_media":3158,"comment_status":"open","ping_status":"open","sticky":false,"template":"","format":"standard","meta":{"inline_featured_image":false,"footnotes":""},"categories":[1],"tags":[],"class_list":["post-3296","post","type-post","status-publish","format-standard","has-post-thumbnail","hentry","category-blog"],"yoast_head":"<!-- This site is optimized with the Yoast SEO plugin v28.3 - https:\/\/yoast.com\/product\/yoast-seo-wordpress\/ -->\n<title>Junggesellenabschied im Europa-Park: Tipps f\u00fcr ein Wochenende, das wirklich in Erinnerung bleibt - Voya Hotel<\/title>\n<meta name=\"description\" content=\"Tipps f\u00fcr einen Junggesellenabschied rund um den Europa-Park, der in Erinnerung bleibt: besonders, aber entspannt, mit Ringsheim als Basis.\" \/>\n<meta name=\"robots\" content=\"index, follow, max-snippet:-1, max-image-preview:large, max-video-preview:-1\" \/>\n<link rel=\"canonical\" href=\"https:\/\/voya-hotel.com\/fr\/junggesellenabschied-im-europa-park\/\" \/>\n<meta property=\"og:locale\" content=\"fr_FR\" \/>\n<meta property=\"og:type\" content=\"article\" \/>\n<meta property=\"og:title\" content=\"Junggesellenabschied im Europa-Park: Tipps f\u00fcr ein Wochenende, das wirklich in Erinnerung bleibt - Voya Hotel\" \/>\n<meta property=\"og:description\" content=\"Tipps f\u00fcr einen Junggesellenabschied rund um den Europa-Park, der in Erinnerung bleibt: besonders, aber entspannt, mit Ringsheim als Basis.\" \/>\n<meta property=\"og:url\" content=\"https:\/\/voya-hotel.com\/fr\/junggesellenabschied-im-europa-park\/\" \/>\n<meta property=\"og:site_name\" content=\"Voya Hotel\" \/>\n<meta property=\"article:published_time\" content=\"2026-05-18T06:25:10+00:00\" \/>\n<meta property=\"article:modified_time\" content=\"2026-05-18T07:45:15+00:00\" \/>\n<meta property=\"og:image\" content=\"https:\/\/voya-hotel.com\/wp-content\/uploads\/20250514-Voya-Hotel-128-scaled.jpg\" \/>\n\t<meta property=\"og:image:width\" content=\"2560\" \/>\n\t<meta property=\"og:image:height\" content=\"1707\" \/>\n\t<meta property=\"og:image:type\" content=\"image\/jpeg\" \/>\n<meta name=\"author\" content=\"sonja\" \/>\n<meta name=\"twitter:card\" content=\"summary_large_image\" \/>\n<meta name=\"twitter:label1\" content=\"\u00c9crit par\" \/>\n\t<meta name=\"twitter:data1\" content=\"sonja\" \/>\n\t<meta name=\"twitter:label2\" content=\"Dur\u00e9e de lecture estim\u00e9e\" \/>\n\t<meta name=\"twitter:data2\" content=\"4 minutes\" \/>\n<script type=\"application\/ld+json\" class=\"yoast-schema-graph\">{\"@context\":\"https:\\\/\\\/schema.org\",\"@graph\":[{\"@type\":\"Article\",\"@id\":\"https:\\\/\\\/voya-hotel.com\\\/junggesellenabschied-im-europa-park\\\/#article\",\"isPartOf\":{\"@id\":\"https:\\\/\\\/voya-hotel.com\\\/junggesellenabschied-im-europa-park\\\/\"},\"author\":{\"name\":\"sonja\",\"@id\":\"https:\\\/\\\/voya-hotel.com\\\/nl\\\/#\\\/schema\\\/person\\\/be3d66e28de23bccb84e7ba30cda1b6d\"},\"headline\":\"Junggesellenabschied im Europa-Park: Tipps f\u00fcr ein Wochenende, das wirklich in Erinnerung bleibt\",\"datePublished\":\"2026-05-18T06:25:10+00:00\",\"dateModified\":\"2026-05-18T07:45:15+00:00\",\"mainEntityOfPage\":{\"@id\":\"https:\\\/\\\/voya-hotel.com\\\/junggesellenabschied-im-europa-park\\\/\"},\"wordCount\":907,\"commentCount\":0,\"publisher\":{\"@id\":\"https:\\\/\\\/voya-hotel.com\\\/nl\\\/#organization\"},\"image\":{\"@id\":\"https:\\\/\\\/voya-hotel.com\\\/junggesellenabschied-im-europa-park\\\/#primaryimage\"},\"thumbnailUrl\":\"https:\\\/\\\/voya-hotel.com\\\/wp-content\\\/uploads\\\/20250514-Voya-Hotel-128-scaled.jpg\",\"articleSection\":[\"Blog\"],\"inLanguage\":\"fr-FR\",\"potentialAction\":[{\"@type\":\"CommentAction\",\"name\":\"Comment\",\"target\":[\"https:\\\/\\\/voya-hotel.com\\\/junggesellenabschied-im-europa-park\\\/#respond\"]}]},{\"@type\":\"WebPage\",\"@id\":\"https:\\\/\\\/voya-hotel.com\\\/junggesellenabschied-im-europa-park\\\/\",\"url\":\"https:\\\/\\\/voya-hotel.com\\\/junggesellenabschied-im-europa-park\\\/\",\"name\":\"Junggesellenabschied im Europa-Park: Tipps f\u00fcr ein Wochenende, das wirklich in Erinnerung bleibt - Voya Hotel\",\"isPartOf\":{\"@id\":\"https:\\\/\\\/voya-hotel.com\\\/nl\\\/#website\"},\"primaryImageOfPage\":{\"@id\":\"https:\\\/\\\/voya-hotel.com\\\/junggesellenabschied-im-europa-park\\\/#primaryimage\"},\"image\":{\"@id\":\"https:\\\/\\\/voya-hotel.com\\\/junggesellenabschied-im-europa-park\\\/#primaryimage\"},\"thumbnailUrl\":\"https:\\\/\\\/voya-hotel.com\\\/wp-content\\\/uploads\\\/20250514-Voya-Hotel-128-scaled.jpg\",\"datePublished\":\"2026-05-18T06:25:10+00:00\",\"dateModified\":\"2026-05-18T07:45:15+00:00\",\"description\":\"Tipps f\u00fcr einen Junggesellenabschied rund um den Europa-Park, der in Erinnerung bleibt: besonders, aber entspannt, mit Ringsheim als Basis.\",\"breadcrumb\":{\"@id\":\"https:\\\/\\\/voya-hotel.com\\\/junggesellenabschied-im-europa-park\\\/#breadcrumb\"},\"inLanguage\":\"fr-FR\",\"potentialAction\":[{\"@type\":\"ReadAction\",\"target\":[\"https:\\\/\\\/voya-hotel.com\\\/junggesellenabschied-im-europa-park\\\/\"]}]},{\"@type\":\"ImageObject\",\"inLanguage\":\"fr-FR\",\"@id\":\"https:\\\/\\\/voya-hotel.com\\\/junggesellenabschied-im-europa-park\\\/#primaryimage\",\"url\":\"https:\\\/\\\/voya-hotel.com\\\/wp-content\\\/uploads\\\/20250514-Voya-Hotel-128-scaled.jpg\",\"contentUrl\":\"https:\\\/\\\/voya-hotel.com\\\/wp-content\\\/uploads\\\/20250514-Voya-Hotel-128-scaled.jpg\",\"width\":2560,\"height\":1707},{\"@type\":\"BreadcrumbList\",\"@id\":\"https:\\\/\\\/voya-hotel.com\\\/junggesellenabschied-im-europa-park\\\/#breadcrumb\",\"itemListElement\":[{\"@type\":\"ListItem\",\"position\":1,\"name\":\"Startseite\",\"item\":\"https:\\\/\\\/voya-hotel.com\\\/\"},{\"@type\":\"ListItem\",\"position\":2,\"name\":\"Junggesellenabschied im Europa-Park: Tipps f\u00fcr ein Wochenende, das wirklich in Erinnerung bleibt\"}]},{\"@type\":\"WebSite\",\"@id\":\"https:\\\/\\\/voya-hotel.com\\\/nl\\\/#website\",\"url\":\"https:\\\/\\\/voya-hotel.com\\\/nl\\\/\",\"name\":\"VOYA Hotel\",\"description\":\"Dein Hotel n\u00e4he Europa-Park und Rulantica\",\"publisher\":{\"@id\":\"https:\\\/\\\/voya-hotel.com\\\/nl\\\/#organization\"},\"potentialAction\":[{\"@type\":\"SearchAction\",\"target\":{\"@type\":\"EntryPoint\",\"urlTemplate\":\"https:\\\/\\\/voya-hotel.com\\\/nl\\\/?s={search_term_string}\"},\"query-input\":{\"@type\":\"PropertyValueSpecification\",\"valueRequired\":true,\"valueName\":\"search_term_string\"}}],\"inLanguage\":\"fr-FR\"},{\"@type\":\"Organization\",\"@id\":\"https:\\\/\\\/voya-hotel.com\\\/nl\\\/#organization\",\"name\":\"VOYA Hotel\",\"url\":\"https:\\\/\\\/voya-hotel.com\\\/nl\\\/\",\"logo\":{\"@type\":\"ImageObject\",\"inLanguage\":\"fr-FR\",\"@id\":\"https:\\\/\\\/voya-hotel.com\\\/nl\\\/#\\\/schema\\\/logo\\\/image\\\/\",\"url\":\"https:\\\/\\\/voya-hotel.com\\\/wp-content\\\/uploads\\\/2025\\\/07\\\/Asset-1.svg\",\"contentUrl\":\"https:\\\/\\\/voya-hotel.com\\\/wp-content\\\/uploads\\\/2025\\\/07\\\/Asset-1.svg\",\"width\":452,\"height\":247,\"caption\":\"VOYA Hotel\"},\"image\":{\"@id\":\"https:\\\/\\\/voya-hotel.com\\\/nl\\\/#\\\/schema\\\/logo\\\/image\\\/\"},\"sameAs\":[\"https:\\\/\\\/www.instagram.com\\\/voya.hotel.ringsheim\\\/\"]},{\"@type\":\"Person\",\"@id\":\"https:\\\/\\\/voya-hotel.com\\\/nl\\\/#\\\/schema\\\/person\\\/be3d66e28de23bccb84e7ba30cda1b6d\",\"name\":\"sonja\",\"image\":{\"@type\":\"ImageObject\",\"inLanguage\":\"fr-FR\",\"@id\":\"https:\\\/\\\/secure.gravatar.com\\\/avatar\\\/50583ef449e39ef34502737a920d0f9c735773fe6e1389a143a2705a73115f48?s=96&d=mm&r=g\",\"url\":\"https:\\\/\\\/secure.gravatar.com\\\/avatar\\\/50583ef449e39ef34502737a920d0f9c735773fe6e1389a143a2705a73115f48?s=96&d=mm&r=g\",\"contentUrl\":\"https:\\\/\\\/secure.gravatar.com\\\/avatar\\\/50583ef449e39ef34502737a920d0f9c735773fe6e1389a143a2705a73115f48?s=96&d=mm&r=g\",\"caption\":\"sonja\"},\"url\":\"https:\\\/\\\/voya-hotel.com\\\/fr\\\/author\\\/sonja\\\/\"}]}<\/script>\n<!-- \/ Yoast SEO plugin. -->","yoast_head_json":{"title":"Junggesellenabschied im Europa-Park: Tipps f\u00fcr ein Wochenende, das wirklich in Erinnerung bleibt - Voya Hotel","description":"Des conseils pour organiser un enterrement de vie de gar\u00e7on inoubliable dans les environs d'Europa-Park : une ambiance \u00e0 la fois originale et d\u00e9contract\u00e9e, avec Ringsheim comme point de chute.","robots":{"index":"index","follow":"follow","max-snippet":"max-snippet:-1","max-image-preview":"max-image-preview:large","max-video-preview":"max-video-preview:-1"},"canonical":"https:\/\/voya-hotel.com\/fr\/junggesellenabschied-im-europa-park\/","og_locale":"fr_FR","og_type":"article","og_title":"Junggesellenabschied im Europa-Park: Tipps f\u00fcr ein Wochenende, das wirklich in Erinnerung bleibt - Voya Hotel","og_description":"Tipps f\u00fcr einen Junggesellenabschied rund um den Europa-Park, der in Erinnerung bleibt: besonders, aber entspannt, mit Ringsheim als Basis.","og_url":"https:\/\/voya-hotel.com\/fr\/junggesellenabschied-im-europa-park\/","og_site_name":"Voya Hotel","article_published_time":"2026-05-18T06:25:10+00:00","article_modified_time":"2026-05-18T07:45:15+00:00","og_image":[{"width":2560,"height":1707,"url":"https:\/\/voya-hotel.com\/wp-content\/uploads\/20250514-Voya-Hotel-128-scaled.jpg","type":"image\/jpeg"}],"author":"sonja","twitter_card":"summary_large_image","twitter_misc":{"\u00c9crit par":"sonja","Dur\u00e9e de lecture estim\u00e9e":"4 minutes"},"schema":{"@context":"https:\/\/schema.org","@graph":[{"@type":"Article","@id":"https:\/\/voya-hotel.com\/junggesellenabschied-im-europa-park\/#article","isPartOf":{"@id":"https:\/\/voya-hotel.com\/junggesellenabschied-im-europa-park\/"},"author":{"name":"sonja","@id":"https:\/\/voya-hotel.com\/nl\/#\/schema\/person\/be3d66e28de23bccb84e7ba30cda1b6d"},"headline":"Junggesellenabschied im Europa-Park: Tipps f\u00fcr ein Wochenende, das wirklich in Erinnerung bleibt","datePublished":"2026-05-18T06:25:10+00:00","dateModified":"2026-05-18T07:45:15+00:00","mainEntityOfPage":{"@id":"https:\/\/voya-hotel.com\/junggesellenabschied-im-europa-park\/"},"wordCount":907,"commentCount":0,"publisher":{"@id":"https:\/\/voya-hotel.com\/nl\/#organization"},"image":{"@id":"https:\/\/voya-hotel.com\/junggesellenabschied-im-europa-park\/#primaryimage"},"thumbnailUrl":"https:\/\/voya-hotel.com\/wp-content\/uploads\/20250514-Voya-Hotel-128-scaled.jpg","articleSection":["Blog"],"inLanguage":"fr-FR","potentialAction":[{"@type":"CommentAction","name":"Comment","target":["https:\/\/voya-hotel.com\/junggesellenabschied-im-europa-park\/#respond"]}]},{"@type":"WebPage","@id":"https:\/\/voya-hotel.com\/junggesellenabschied-im-europa-park\/","url":"https:\/\/voya-hotel.com\/junggesellenabschied-im-europa-park\/","name":"Junggesellenabschied im Europa-Park: Tipps f\u00fcr ein Wochenende, das wirklich in Erinnerung bleibt - Voya Hotel","isPartOf":{"@id":"https:\/\/voya-hotel.com\/nl\/#website"},"primaryImageOfPage":{"@id":"https:\/\/voya-hotel.com\/junggesellenabschied-im-europa-park\/#primaryimage"},"image":{"@id":"https:\/\/voya-hotel.com\/junggesellenabschied-im-europa-park\/#primaryimage"},"thumbnailUrl":"https:\/\/voya-hotel.com\/wp-content\/uploads\/20250514-Voya-Hotel-128-scaled.jpg","datePublished":"2026-05-18T06:25:10+00:00","dateModified":"2026-05-18T07:45:15+00:00","description":"Des conseils pour organiser un enterrement de vie de gar\u00e7on inoubliable dans les environs d'Europa-Park : une ambiance \u00e0 la fois originale et d\u00e9contract\u00e9e, avec Ringsheim comme point de chute.","breadcrumb":{"@id":"https:\/\/voya-hotel.com\/junggesellenabschied-im-europa-park\/#breadcrumb"},"inLanguage":"fr-FR","potentialAction":[{"@type":"ReadAction","target":["https:\/\/voya-hotel.com\/junggesellenabschied-im-europa-park\/"]}]},{"@type":"ImageObject","inLanguage":"fr-FR","@id":"https:\/\/voya-hotel.com\/junggesellenabschied-im-europa-park\/#primaryimage","url":"https:\/\/voya-hotel.com\/wp-content\/uploads\/20250514-Voya-Hotel-128-scaled.jpg","contentUrl":"https:\/\/voya-hotel.com\/wp-content\/uploads\/20250514-Voya-Hotel-128-scaled.jpg","width":2560,"height":1707},{"@type":"BreadcrumbList","@id":"https:\/\/voya-hotel.com\/junggesellenabschied-im-europa-park\/#breadcrumb","itemListElement":[{"@type":"ListItem","position":1,"name":"Startseite","item":"https:\/\/voya-hotel.com\/"},{"@type":"ListItem","position":2,"name":"Junggesellenabschied im Europa-Park: Tipps f\u00fcr ein Wochenende, das wirklich in Erinnerung bleibt"}]},{"@type":"WebSite","@id":"https:\/\/voya-hotel.com\/nl\/#website","url":"https:\/\/voya-hotel.com\/nl\/","name":"H\u00f4tel VOYA","description":"Dein Hotel n\u00e4he Europa-Park und Rulantica","publisher":{"@id":"https:\/\/voya-hotel.com\/nl\/#organization"},"potentialAction":[{"@type":"SearchAction","target":{"@type":"EntryPoint","urlTemplate":"https:\/\/voya-hotel.com\/nl\/?s={search_term_string}"},"query-input":{"@type":"PropertyValueSpecification","valueRequired":true,"valueName":"search_term_string"}}],"inLanguage":"fr-FR"},{"@type":"Organization","@id":"https:\/\/voya-hotel.com\/nl\/#organization","name":"H\u00f4tel VOYA","url":"https:\/\/voya-hotel.com\/nl\/","logo":{"@type":"ImageObject","inLanguage":"fr-FR","@id":"https:\/\/voya-hotel.com\/nl\/#\/schema\/logo\/image\/","url":"https:\/\/voya-hotel.com\/wp-content\/uploads\/2025\/07\/Asset-1.svg","contentUrl":"https:\/\/voya-hotel.com\/wp-content\/uploads\/2025\/07\/Asset-1.svg","width":452,"height":247,"caption":"VOYA Hotel"},"image":{"@id":"https:\/\/voya-hotel.com\/nl\/#\/schema\/logo\/image\/"},"sameAs":["https:\/\/www.instagram.com\/voya.hotel.ringsheim\/"]},{"@type":"Person","@id":"https:\/\/voya-hotel.com\/nl\/#\/schema\/person\/be3d66e28de23bccb84e7ba30cda1b6d","name":"sonja","image":{"@type":"ImageObject","inLanguage":"fr-FR","@id":"https:\/\/secure.gravatar.com\/avatar\/50583ef449e39ef34502737a920d0f9c735773fe6e1389a143a2705a73115f48?s=96&d=mm&r=g","url":"https:\/\/secure.gravatar.com\/avatar\/50583ef449e39ef34502737a920d0f9c735773fe6e1389a143a2705a73115f48?s=96&d=mm&r=g","contentUrl":"https:\/\/secure.gravatar.com\/avatar\/50583ef449e39ef34502737a920d0f9c735773fe6e1389a143a2705a73115f48?s=96&d=mm&r=g","caption":"sonja"},"url":"https:\/\/voya-hotel.com\/fr\/author\/sonja\/"}]}},"_links":{"self":[{"href":"https:\/\/voya-hotel.com\/fr\/wp-json\/wp\/v2\/posts\/3296","targetHints":{"allow":["GET"]}}],"collection":[{"href":"https:\/\/voya-hotel.com\/fr\/wp-json\/wp\/v2\/posts"}],"about":[{"href":"https:\/\/voya-hotel.com\/fr\/wp-json\/wp\/v2\/types\/post"}],"author":[{"embeddable":true,"href":"https:\/\/voya-hotel.com\/fr\/wp-json\/wp\/v2\/users\/3"}],"replies":[{"embeddable":true,"href":"https:\/\/voya-hotel.com\/fr\/wp-json\/wp\/v2\/comments?post=3296"}],"version-history":[{"count":1,"href":"https:\/\/voya-hotel.com\/fr\/wp-json\/wp\/v2\/posts\/3296\/revisions"}],"predecessor-version":[{"id":3304,"href":"https:\/\/voya-hotel.com\/fr\/wp-json\/wp\/v2\/posts\/3296\/revisions\/3304"}],"wp:featuredmedia":[{"embeddable":true,"href":"https:\/\/voya-hotel.com\/fr\/wp-json\/wp\/v2\/media\/3158"}],"wp:attachment":[{"href":"https:\/\/voya-hotel.com\/fr\/wp-json\/wp\/v2\/media?parent=3296"}],"wp:term":[{"taxonomy":"category","embeddable":true,"href":"https:\/\/voya-hotel.com\/fr\/wp-json\/wp\/v2\/categories?post=3296"},{"taxonomy":"post_tag","embeddable":true,"href":"https:\/\/voya-hotel.com\/fr\/wp-json\/wp\/v2\/tags?post=3296"}],"curies":[{"name":"wp","href":"https:\/\/api.w.org\/{rel}","templated":true}]}}